{"id":261,"date":"2017-08-11T14:09:43","date_gmt":"2017-08-11T18:09:43","guid":{"rendered":"https:\/\/www.policianacional.gov.py\/transparenciayanticorrupcion\/?p=261"},"modified":"2017-08-11T14:09:43","modified_gmt":"2017-08-11T18:09:43","slug":"senado-convoca-a-sesion-extraordinaria-para-tratar-veto-al-subsidio","status":"publish","type":"post","link":"https:\/\/www.policianacional.gov.py\/transparenciayanticorrupcion\/senado-convoca-a-sesion-extraordinaria-para-tratar-veto-al-subsidio\/","title":{"rendered":"Senado convoca a sesi\u00f3n extraordinaria para tratar veto al subsidio"},"content":{"rendered":"<div id=\"OBJETO5379\" class=\"CLASS200\">\n<div id=\"Object_5379_3227\" class=\"note-detail\">\n<section class=\"note-body clearfix\"><span style=\"font-family: 'times new roman', times, serif\">\u00a0Fernando Lugo, \u00a0presidente del Congreso,, convoc\u00f3 a una sesi\u00f3n extra para este lunes, donde se estudiar\u00eda el veto del Ejecutivo al subsidio. Debido a que no hubo cu\u00f3rum este tema no pudo ser analizado el pasado jueves.<\/span><\/p>\n<\/section>\n<\/div>\n<\/div>\n<div id=\"OBJETO5389\" class=\"CLASS115\"><span style=\"font-family: 'times new roman', times, serif\">\u00a0<\/span><\/div>\n<div id=\"OBJETO5380\" class=\"CLASS201\">\n<div id=\"Object_5380_3235\" class=\"note-detail\">\n<section class=\"note-body clearfix\"><span style=\"font-family: 'times new roman', times, serif\">El conteo de votos para el rechazo del veto es re\u00f1ido y el Frente Guasu hace\u00a0<i>lobby\u00a0<\/i>con otras agrupaciones pol\u00edticas para que el documento sea rechazado. Hasta el momento no hay certeza de si esto se dar\u00e1. El sector de Colorado A\u00f1etet\u00e9 se suma a la intenci\u00f3n del Ejecutivo de aceptar lo dispuesto por Cartes.<\/span><\/p>\n<p><span style=\"font-family: 'times new roman', times, serif\">El propio titular del Senado, Fernando Lugo, aleg\u00f3 que si los senadores ni siquiera se presentaron a la ordinaria, tampoco aparecer\u00edan en un eventual llamado a extraordinaria.<\/span><\/p>\n<p><span style=\"font-family: 'times new roman', times, serif\">Este jueves, el ministro de Agricultura, Juan Carlos Baruja, se\u00f1al\u00f3 que es importante que el veto sea tratado cuanto antes para que se puedan efectivizar los programas de asistencia al campesinado, propuestos por el Ejecutivo.<\/span><\/p>\n<p><span style=\"font-family: 'times new roman', times, serif\">De acuerdo a las informaciones que se manejan, el cartismo, de la mano del oviedismo y del sector de Mario Abdo Ben\u00edtez, totaliza 20 senadores.<\/span><\/p>\n<p><span style=\"font-family: 'times new roman', times, serif\">Por el lado del rechazo al veto estar\u00edan bastante ajustados; por las ausencias se sigue retrasando el tratamiento de la objeci\u00f3n.<\/span><\/p>\n<p><span style=\"font-family: 'times new roman', times, serif\">Se ratificaron a favor del subsidio los senadores del Frente Guasu, que son los principales promotores de la ley, as\u00ed como Avanza Pa\u00eds, los liberales, aunque no en su mayor\u00eda, y el Partido Democr\u00e1tico Progresista<\/span>.<\/p>\n<\/section>\n<\/div>\n<\/div>\n","protected":false},"excerpt":{"rendered":"<p>\u00a0Fernando Lugo, \u00a0presidente del Congreso,, convoc\u00f3 a una sesi\u00f3n extra para este lunes, donde se estudiar\u00eda el veto del Ejecutivo al subsidio. Debido a que no hubo cu\u00f3rum este tema no pudo ser analizado el pasado jueves. \u00a0 El conteo &#8230; <a title=\"Senado convoca a sesi\u00f3n extraordinaria para tratar veto al subsidio\" class=\"read-more\" href=\"https:\/\/www.policianacional.gov.py\/transparenciayanticorrupcion\/senado-convoca-a-sesion-extraordinaria-para-tratar-veto-al-subsidio\/\" aria-label=\"Leer m\u00e1s sobre Senado convoca a sesi\u00f3n extraordinaria para tratar veto al subsidio\">Leer M\u00e1s&#8230;<\/a><\/p>\n","protected":false},"author":11,"featured_media":262,"comment_status":"closed","ping_status":"closed","sticky":false,"template":"","format":"standard","meta":{"generate_page_header":"","_jetpack_newsletter_access":"","_jetpack_dont_email_post_to_subs":false,"_jetpack_newsletter_tier_id":0,"_jetpack_memberships_contains_paywalled_content":false,"_jetpack_memberships_contains_paid_content":false,"footnotes":""},"categories":[4],"tags":[],"class_list":["post-261","post","type-post","status-publish","format-standard","has-post-thumbnail","hentry","category-destacada","generate-columns","tablet-grid-50","mobile-grid-100","grid-parent","grid-33"],"jetpack_featured_media_url":"https:\/\/www.policianacional.gov.py\/transparenciayanticorrupcion\/wp-content\/uploads\/sites\/13\/2017\/08\/0007340502.jpg","jetpack_sharing_enabled":true,"jetpack_shortlink":"https:\/\/wp.me\/p8Lk9H-4d","_links":{"self":[{"href":"https:\/\/www.policianacional.gov.py\/transparenciayanticorrupcion\/wp-json\/wp\/v2\/posts\/261","targetHints":{"allow":["GET"]}}],"collection":[{"href":"https:\/\/www.policianacional.gov.py\/transparenciayanticorrupcion\/wp-json\/wp\/v2\/posts"}],"about":[{"href":"https:\/\/www.policianacional.gov.py\/transparenciayanticorrupcion\/wp-json\/wp\/v2\/types\/post"}],"author":[{"embeddable":true,"href":"https:\/\/www.policianacional.gov.py\/transparenciayanticorrupcion\/wp-json\/wp\/v2\/users\/11"}],"replies":[{"embeddable":true,"href":"https:\/\/www.policianacional.gov.py\/transparenciayanticorrupcion\/wp-json\/wp\/v2\/comments?post=261"}],"version-history":[{"count":1,"href":"https:\/\/www.policianacional.gov.py\/transparenciayanticorrupcion\/wp-json\/wp\/v2\/posts\/261\/revisions"}],"predecessor-version":[{"id":263,"href":"https:\/\/www.policianacional.gov.py\/transparenciayanticorrupcion\/wp-json\/wp\/v2\/posts\/261\/revisions\/263"}],"wp:featuredmedia":[{"embeddable":true,"href":"https:\/\/www.policianacional.gov.py\/transparenciayanticorrupcion\/wp-json\/wp\/v2\/media\/262"}],"wp:attachment":[{"href":"https:\/\/www.policianacional.gov.py\/transparenciayanticorrupcion\/wp-json\/wp\/v2\/media?parent=261"}],"wp:term":[{"taxonomy":"category","embeddable":true,"href":"https:\/\/www.policianacional.gov.py\/transparenciayanticorrupcion\/wp-json\/wp\/v2\/categories?post=261"},{"taxonomy":"post_tag","embeddable":true,"href":"https:\/\/www.policianacional.gov.py\/transparenciayanticorrupcion\/wp-json\/wp\/v2\/tags?post=261"}],"curies":[{"name":"wp","href":"https:\/\/api.w.org\/{rel}","templated":true}]}}