{"id":943,"date":"2017-12-22T10:54:06","date_gmt":"2017-12-22T13:54:06","guid":{"rendered":"https:\/\/www.policianacional.gov.py\/identificaciones\/?p=943"},"modified":"2017-12-22T11:57:12","modified_gmt":"2017-12-22T14:57:12","slug":"celebracion-eucaristica-desarrollada-en-el-departamento-de-identificaciones","status":"publish","type":"post","link":"https:\/\/www.policianacional.gov.py\/identificaciones\/celebracion-eucaristica-desarrollada-en-el-departamento-de-identificaciones\/","title":{"rendered":"CELEBRACI\u00d3N EUCAR\u00cdSTICA REALIZADA EN EL DEPARTAMENTO DE IDENTIFICACIONES"},"content":{"rendered":"<p>&nbsp;<\/p>\n<p style=\"text-align: center\"><span style=\"font-size: 18pt\">En la ma\u00f1ana de este viernes 22 de diciembre, en la Sede Central del Departamento de Identificaciones, se llev\u00f3 a cabo una misa de acci\u00f3n de gracias en conmemoraci\u00f3n a la celebraci\u00f3n de la Navidad.<\/span><\/p>\n<p>&nbsp;<\/p>\n<p><img loading=\"lazy\" decoding=\"async\" class=\" wp-image-944 aligncenter\" src=\"https:\/\/www.policianacional.gov.py\/identificaciones\/wp-content\/uploads\/sites\/7\/2017\/12\/2017-12-22_07.17.37-300x225.jpg\" alt=\"\" width=\"352\" height=\"264\" srcset=\"https:\/\/www.policianacional.gov.py\/identificaciones\/wp-content\/uploads\/sites\/7\/2017\/12\/2017-12-22_07.17.37-300x225.jpg 300w, https:\/\/www.policianacional.gov.py\/identificaciones\/wp-content\/uploads\/sites\/7\/2017\/12\/2017-12-22_07.17.37-768x576.jpg 768w, https:\/\/www.policianacional.gov.py\/identificaciones\/wp-content\/uploads\/sites\/7\/2017\/12\/2017-12-22_07.17.37.jpg 1024w\" sizes=\"auto, (max-width: 352px) 100vw, 352px\" \/><\/p>\n<p>&nbsp;<\/p>\n<p style=\"text-align: center\">El acto religioso cont\u00f3 con la presencia del Subcomandante de la Polic\u00eda Nacional <em><strong>Comisario General Director BARTOLOM\u00c9 GUSTAVO B\u00c1EZ L\u00d3PEZ, el Director General de Investigaci\u00f3n Criminal Comisario General Inspector TOM\u00c1S CRISTALDO P\u00c9REZ, el Director Interino de la Direcci\u00f3n Cient\u00edfica y t\u00e9cnica Comisario Principal MCP. JORGE FERN\u00c1NDEZ AR\u00c9VALO, el Jefe del Departamento de Identificaciones Comisario Principal MCP. SATURNINO SANTIAGO VILLALBA<\/strong><\/em>, los jefes de las diferentes divisiones y personal componente de \u00e9sta dependencia.<\/p>\n<p>&nbsp;<\/p>\n<p style=\"text-align: center\">La ocasi\u00f3n fue propicia para habilitar en la Sede Central,\u00a0 los modernos asientos destinados a los usuarios que d\u00eda a d\u00eda acuden a gestionar sus documentos.<\/p>\n<p>&nbsp;<\/p>\n<p>&nbsp;<\/p>\n<p>&nbsp;<\/p>\n","protected":false},"excerpt":{"rendered":"<p>&nbsp; En la ma\u00f1ana de este viernes 22 de diciembre, en la Sede Central del Departamento de Identificaciones, se llev\u00f3 a cabo una misa de acci\u00f3n de gracias en conmemoraci\u00f3n a la celebraci\u00f3n de la Navidad. &nbsp; &nbsp; El acto &#8230; <a title=\"CELEBRACI\u00d3N EUCAR\u00cdSTICA REALIZADA EN EL DEPARTAMENTO DE IDENTIFICACIONES\" class=\"read-more\" href=\"https:\/\/www.policianacional.gov.py\/identificaciones\/celebracion-eucaristica-desarrollada-en-el-departamento-de-identificaciones\/\" aria-label=\"Leer m\u00e1s sobre CELEBRACI\u00d3N EUCAR\u00cdSTICA REALIZADA EN EL DEPARTAMENTO DE IDENTIFICACIONES\">Leer M\u00e1s&#8230;<\/a><\/p>\n","protected":false},"author":18,"featured_media":945,"comment_status":"closed","ping_status":"closed","sticky":false,"template":"","format":"standard","meta":{"_jetpack_newsletter_access":"","_jetpack_dont_email_post_to_subs":false,"_jetpack_newsletter_tier_id":0,"_jetpack_memberships_contains_paywalled_content":false,"_jetpack_memberships_contains_paid_content":false,"footnotes":""},"categories":[13],"tags":[],"class_list":["post-943","post","type-post","status-publish","format-standard","has-post-thumbnail","hentry","category-noticias","generate-columns","tablet-grid-50","mobile-grid-100","grid-parent","grid-33"],"jetpack_featured_media_url":"https:\/\/www.policianacional.gov.py\/identificaciones\/wp-content\/uploads\/sites\/7\/2017\/12\/2017-12-22_07.15.57.jpg","jetpack_sharing_enabled":true,"jetpack_shortlink":"https:\/\/wp.me\/pfafgB-fd","_links":{"self":[{"href":"https:\/\/www.policianacional.gov.py\/identificaciones\/wp-json\/wp\/v2\/posts\/943","targetHints":{"allow":["GET"]}}],"collection":[{"href":"https:\/\/www.policianacional.gov.py\/identificaciones\/wp-json\/wp\/v2\/posts"}],"about":[{"href":"https:\/\/www.policianacional.gov.py\/identificaciones\/wp-json\/wp\/v2\/types\/post"}],"author":[{"embeddable":true,"href":"https:\/\/www.policianacional.gov.py\/identificaciones\/wp-json\/wp\/v2\/users\/18"}],"replies":[{"embeddable":true,"href":"https:\/\/www.policianacional.gov.py\/identificaciones\/wp-json\/wp\/v2\/comments?post=943"}],"version-history":[{"count":4,"href":"https:\/\/www.policianacional.gov.py\/identificaciones\/wp-json\/wp\/v2\/posts\/943\/revisions"}],"predecessor-version":[{"id":949,"href":"https:\/\/www.policianacional.gov.py\/identificaciones\/wp-json\/wp\/v2\/posts\/943\/revisions\/949"}],"wp:featuredmedia":[{"embeddable":true,"href":"https:\/\/www.policianacional.gov.py\/identificaciones\/wp-json\/wp\/v2\/media\/945"}],"wp:attachment":[{"href":"https:\/\/www.policianacional.gov.py\/identificaciones\/wp-json\/wp\/v2\/media?parent=943"}],"wp:term":[{"taxonomy":"category","embeddable":true,"href":"https:\/\/www.policianacional.gov.py\/identificaciones\/wp-json\/wp\/v2\/categories?post=943"},{"taxonomy":"post_tag","embeddable":true,"href":"https:\/\/www.policianacional.gov.py\/identificaciones\/wp-json\/wp\/v2\/tags?post=943"}],"curies":[{"name":"wp","href":"https:\/\/api.w.org\/{rel}","templated":true}]}}