{"id":6701,"date":"2022-08-26T14:45:54","date_gmt":"2022-08-26T18:45:54","guid":{"rendered":"https:\/\/www.policianacional.gov.py\/identificaciones\/?p=6701"},"modified":"2022-08-27T20:39:23","modified_gmt":"2022-08-28T00:39:23","slug":"reunion-de-jefes-de-las-oficinas-regionales","status":"publish","type":"post","link":"https:\/\/www.policianacional.gov.py\/identificaciones\/reunion-de-jefes-de-las-oficinas-regionales\/","title":{"rendered":"Reuni\u00f3n de Jefes de las Oficinas Regionales."},"content":{"rendered":"<p style=\"text-align:left\">El d\u00eda de hoy viernes 26 de agosto del corriente a\u00f1o se realiz\u00f3 una reuni\u00f3n con los distintos Jefes de las Oficinas Regionales del pa\u00eds del Departamento de Identificaciones, la misma tuvo lugar en el sal\u00f3n auditorio de esta dependencia y estuvo a cargo del Jefe del Departamento el Comisario Principal MCP Jos\u00e9 F\u00e9lix Vega, el Jefe de Gabinete Comisario Principal MCP V\u00edctor Ra\u00fal Paredes Gonz\u00e1lez, la Jefa de la Divisi\u00f3n M\u00f3viles y Regionales Comisario Principal MCP Estela Ramona Maqueda Ben\u00edtez.<\/p>\n<p style=\"text-align:left\">Los temas tratados fueron la gesti\u00f3n de las Oficinas Regionales, los servicios de cedulaci\u00f3n m\u00f3vil, control y producci\u00f3n de los documentos y otros temas relacionado a los servicios.<\/p>\n<p><img loading=\"lazy\" decoding=\"async\" class=\"wp-image-6700 size-large aligncenter\" src=\"https:\/\/www.policianacional.gov.py\/identificaciones\/wp-content\/uploads\/sites\/7\/2022\/08\/WhatsApp-Image-2022-08-26-at-2.15.57-PM-461x1024.jpeg\" width=\"462\" height=\"1024\"><\/p>\n<p><img loading=\"lazy\" decoding=\"async\" class=\"wp-image-6699 size-large aligncenter\" src=\"https:\/\/www.policianacional.gov.py\/identificaciones\/wp-content\/uploads\/sites\/7\/2022\/08\/WhatsApp-Image-2022-08-26-at-2.15.57-PM-2-461x1024.jpeg\" alt=\"\" width=\"461\" height=\"1024\" data-temp-aztec-id=\"1e2fa43c-f9c7-420b-92d8-b24c9a2db4d7\" srcset=\"https:\/\/www.policianacional.gov.py\/identificaciones\/wp-content\/uploads\/sites\/7\/2022\/08\/WhatsApp-Image-2022-08-26-at-2.15.57-PM-2-461x1024.jpeg 461w, https:\/\/www.policianacional.gov.py\/identificaciones\/wp-content\/uploads\/sites\/7\/2022\/08\/WhatsApp-Image-2022-08-26-at-2.15.57-PM-2-135x300.jpeg 135w, https:\/\/www.policianacional.gov.py\/identificaciones\/wp-content\/uploads\/sites\/7\/2022\/08\/WhatsApp-Image-2022-08-26-at-2.15.57-PM-2-691x1536.jpeg 691w, https:\/\/www.policianacional.gov.py\/identificaciones\/wp-content\/uploads\/sites\/7\/2022\/08\/WhatsApp-Image-2022-08-26-at-2.15.57-PM-2.jpeg 720w\" sizes=\"auto, (max-width: 461px) 100vw, 461px\" \/><\/p>\n","protected":false},"excerpt":{"rendered":"<p>El d\u00eda de hoy viernes 26 de agosto del corriente a\u00f1o se realiz\u00f3 una reuni\u00f3n con los distintos Jefes de las Oficinas Regionales del pa\u00eds del Departamento de Identificaciones, la misma tuvo lugar en el sal\u00f3n auditorio de esta dependencia &#8230; <a title=\"Reuni\u00f3n de Jefes de las Oficinas Regionales.\" class=\"read-more\" href=\"https:\/\/www.policianacional.gov.py\/identificaciones\/reunion-de-jefes-de-las-oficinas-regionales\/\" aria-label=\"Leer m\u00e1s sobre Reuni\u00f3n de Jefes de las Oficinas Regionales.\">Leer M\u00e1s&#8230;<\/a><\/p>\n","protected":false},"author":18,"featured_media":6698,"comment_status":"closed","ping_status":"closed","sticky":false,"template":"","format":"standard","meta":{"_jetpack_newsletter_access":"","_jetpack_dont_email_post_to_subs":false,"_jetpack_newsletter_tier_id":0,"_jetpack_memberships_contains_paywalled_content":false,"_jetpack_memberships_contains_paid_content":false,"footnotes":""},"categories":[4,13],"tags":[],"class_list":["post-6701","post","type-post","status-publish","format-standard","has-post-thumbnail","hentry","category-destacada","category-noticias","generate-columns","tablet-grid-50","mobile-grid-100","grid-parent","grid-33"],"jetpack_featured_media_url":"https:\/\/www.policianacional.gov.py\/identificaciones\/wp-content\/uploads\/sites\/7\/2022\/08\/WhatsApp-Image-2022-08-26-at-2.15.57-PM-1.jpeg","jetpack_sharing_enabled":true,"jetpack_shortlink":"https:\/\/wp.me\/pfafgB-1K5","_links":{"self":[{"href":"https:\/\/www.policianacional.gov.py\/identificaciones\/wp-json\/wp\/v2\/posts\/6701","targetHints":{"allow":["GET"]}}],"collection":[{"href":"https:\/\/www.policianacional.gov.py\/identificaciones\/wp-json\/wp\/v2\/posts"}],"about":[{"href":"https:\/\/www.policianacional.gov.py\/identificaciones\/wp-json\/wp\/v2\/types\/post"}],"author":[{"embeddable":true,"href":"https:\/\/www.policianacional.gov.py\/identificaciones\/wp-json\/wp\/v2\/users\/18"}],"replies":[{"embeddable":true,"href":"https:\/\/www.policianacional.gov.py\/identificaciones\/wp-json\/wp\/v2\/comments?post=6701"}],"version-history":[{"count":4,"href":"https:\/\/www.policianacional.gov.py\/identificaciones\/wp-json\/wp\/v2\/posts\/6701\/revisions"}],"predecessor-version":[{"id":6708,"href":"https:\/\/www.policianacional.gov.py\/identificaciones\/wp-json\/wp\/v2\/posts\/6701\/revisions\/6708"}],"wp:featuredmedia":[{"embeddable":true,"href":"https:\/\/www.policianacional.gov.py\/identificaciones\/wp-json\/wp\/v2\/media\/6698"}],"wp:attachment":[{"href":"https:\/\/www.policianacional.gov.py\/identificaciones\/wp-json\/wp\/v2\/media?parent=6701"}],"wp:term":[{"taxonomy":"category","embeddable":true,"href":"https:\/\/www.policianacional.gov.py\/identificaciones\/wp-json\/wp\/v2\/categories?post=6701"},{"taxonomy":"post_tag","embeddable":true,"href":"https:\/\/www.policianacional.gov.py\/identificaciones\/wp-json\/wp\/v2\/tags?post=6701"}],"curies":[{"name":"wp","href":"https:\/\/api.w.org\/{rel}","templated":true}]}}