{"id":6686,"date":"2022-08-25T15:05:35","date_gmt":"2022-08-25T19:05:35","guid":{"rendered":"https:\/\/www.policianacional.gov.py\/identificaciones\/?p=6686"},"modified":"2022-08-25T15:05:49","modified_gmt":"2022-08-25T19:05:49","slug":"inauguracion-y-habilitacion-de-la-oficina-regional-de-neuland-en-el-departamento-de-boqueron","status":"publish","type":"post","link":"https:\/\/www.policianacional.gov.py\/identificaciones\/inauguracion-y-habilitacion-de-la-oficina-regional-de-neuland-en-el-departamento-de-boqueron\/","title":{"rendered":"Inauguraci\u00f3n y habilitaci\u00f3n de la Oficina Regional de Neuland en el Departamento de Boquer\u00f3n."},"content":{"rendered":"\n<p class=\"has-black-color has-text-color\">En \u00e9l d\u00eda de hoy jueves 25 de agosto del corriente a\u00f1o se procedi\u00f3 a la inauguraci\u00f3n y habilitaci\u00f3n de la Oficina Regional de Neuland en el Departamento de Boquer\u00f3n con la presencia del Se\u00f1or Intendente C\u00e9sar Gonz\u00e1lez, del Jefe del Departamento de Identificaciones el Comisario Principal MCP Jos\u00e9 F\u00e9lix Vega, \u00e9l Jefe de la Divisi\u00f3n Pasaportes Comisario Principal MCP Cristhian Ramirez, la Jefa de la Divisi\u00f3n Moviles y Regionales Comisario Principal MCP Estela Maqueda y el Asesor Jur\u00eddico del Departamento, el Subcomisario MGAP Juli\u00e1n Gim\u00e9nez; entre otras autoridades de la Colonia.<\/p>\n\n\n\n<figure class=\"wp-block-image size-full\"><img loading=\"lazy\" decoding=\"async\" width=\"1024\" height=\"782\" src=\"https:\/\/www.policianacional.gov.py\/identificaciones\/wp-content\/uploads\/sites\/7\/2022\/08\/image_editor_output_image1453433367-1661453855105.jpg\" alt=\"\" class=\"wp-image-6685\" srcset=\"https:\/\/www.policianacional.gov.py\/identificaciones\/wp-content\/uploads\/sites\/7\/2022\/08\/image_editor_output_image1453433367-1661453855105.jpg 1024w, https:\/\/www.policianacional.gov.py\/identificaciones\/wp-content\/uploads\/sites\/7\/2022\/08\/image_editor_output_image1453433367-1661453855105-300x229.jpg 300w, https:\/\/www.policianacional.gov.py\/identificaciones\/wp-content\/uploads\/sites\/7\/2022\/08\/image_editor_output_image1453433367-1661453855105-768x587.jpg 768w\" sizes=\"auto, (max-width: 1024px) 100vw, 1024px\" \/><\/figure>\n\n\n\n<figure class=\"wp-block-image size-full\"><img loading=\"lazy\" decoding=\"async\" width=\"1600\" height=\"1246\" src=\"https:\/\/www.policianacional.gov.py\/identificaciones\/wp-content\/uploads\/sites\/7\/2022\/08\/IMG-20220825-WA0040-1.jpg\" alt=\"\" class=\"wp-image-6680\" srcset=\"https:\/\/www.policianacional.gov.py\/identificaciones\/wp-content\/uploads\/sites\/7\/2022\/08\/IMG-20220825-WA0040-1.jpg 1600w, https:\/\/www.policianacional.gov.py\/identificaciones\/wp-content\/uploads\/sites\/7\/2022\/08\/IMG-20220825-WA0040-1-300x234.jpg 300w, https:\/\/www.policianacional.gov.py\/identificaciones\/wp-content\/uploads\/sites\/7\/2022\/08\/IMG-20220825-WA0040-1-1024x797.jpg 1024w, https:\/\/www.policianacional.gov.py\/identificaciones\/wp-content\/uploads\/sites\/7\/2022\/08\/IMG-20220825-WA0040-1-768x598.jpg 768w, https:\/\/www.policianacional.gov.py\/identificaciones\/wp-content\/uploads\/sites\/7\/2022\/08\/IMG-20220825-WA0040-1-1536x1196.jpg 1536w\" sizes=\"auto, (max-width: 1600px) 100vw, 1600px\" \/><\/figure>\n\n\n\n<figure class=\"wp-block-image\"><img loading=\"lazy\" decoding=\"async\" width=\"1024\" height=\"768\" src=\"https:\/\/www.policianacional.gov.py\/identificaciones\/wp-content\/uploads\/sites\/7\/2022\/08\/IMG-20220825-WA0035-1-1024x768.jpg\" alt=\"\" class=\"wp-image-6683\" srcset=\"https:\/\/www.policianacional.gov.py\/identificaciones\/wp-content\/uploads\/sites\/7\/2022\/08\/IMG-20220825-WA0035-1-1024x768.jpg 1024w, https:\/\/www.policianacional.gov.py\/identificaciones\/wp-content\/uploads\/sites\/7\/2022\/08\/IMG-20220825-WA0035-1-300x225.jpg 300w, https:\/\/www.policianacional.gov.py\/identificaciones\/wp-content\/uploads\/sites\/7\/2022\/08\/IMG-20220825-WA0035-1-768x576.jpg 768w, https:\/\/www.policianacional.gov.py\/identificaciones\/wp-content\/uploads\/sites\/7\/2022\/08\/IMG-20220825-WA0035-1-1536x1152.jpg 1536w, https:\/\/www.policianacional.gov.py\/identificaciones\/wp-content\/uploads\/sites\/7\/2022\/08\/IMG-20220825-WA0035-1.jpg 1600w\" sizes=\"auto, (max-width: 1024px) 100vw, 1024px\" \/><\/figure>\n\n\n\n<figure class=\"wp-block-image\"><img loading=\"lazy\" decoding=\"async\" width=\"1024\" height=\"850\" src=\"https:\/\/www.policianacional.gov.py\/identificaciones\/wp-content\/uploads\/sites\/7\/2022\/08\/IMG-20220825-WA0036-1-1024x850.jpg\" alt=\"\" class=\"wp-image-6681\" srcset=\"https:\/\/www.policianacional.gov.py\/identificaciones\/wp-content\/uploads\/sites\/7\/2022\/08\/IMG-20220825-WA0036-1-1024x850.jpg 1024w, https:\/\/www.policianacional.gov.py\/identificaciones\/wp-content\/uploads\/sites\/7\/2022\/08\/IMG-20220825-WA0036-1-300x249.jpg 300w, https:\/\/www.policianacional.gov.py\/identificaciones\/wp-content\/uploads\/sites\/7\/2022\/08\/IMG-20220825-WA0036-1-768x637.jpg 768w, https:\/\/www.policianacional.gov.py\/identificaciones\/wp-content\/uploads\/sites\/7\/2022\/08\/IMG-20220825-WA0036-1-1536x1275.jpg 1536w, https:\/\/www.policianacional.gov.py\/identificaciones\/wp-content\/uploads\/sites\/7\/2022\/08\/IMG-20220825-WA0036-1.jpg 1600w\" sizes=\"auto, (max-width: 1024px) 100vw, 1024px\" \/><\/figure>\n\n\n\n<figure class=\"wp-block-image\"><img loading=\"lazy\" decoding=\"async\" width=\"1024\" height=\"703\" src=\"https:\/\/www.policianacional.gov.py\/identificaciones\/wp-content\/uploads\/sites\/7\/2022\/08\/IMG-20220825-WA0042-1-1024x703.jpg\" alt=\"\" class=\"wp-image-6684\" srcset=\"https:\/\/www.policianacional.gov.py\/identificaciones\/wp-content\/uploads\/sites\/7\/2022\/08\/IMG-20220825-WA0042-1-1024x703.jpg 1024w, https:\/\/www.policianacional.gov.py\/identificaciones\/wp-content\/uploads\/sites\/7\/2022\/08\/IMG-20220825-WA0042-1-300x206.jpg 300w, https:\/\/www.policianacional.gov.py\/identificaciones\/wp-content\/uploads\/sites\/7\/2022\/08\/IMG-20220825-WA0042-1-768x527.jpg 768w, https:\/\/www.policianacional.gov.py\/identificaciones\/wp-content\/uploads\/sites\/7\/2022\/08\/IMG-20220825-WA0042-1-1536x1054.jpg 1536w, https:\/\/www.policianacional.gov.py\/identificaciones\/wp-content\/uploads\/sites\/7\/2022\/08\/IMG-20220825-WA0042-1.jpg 1600w\" sizes=\"auto, (max-width: 1024px) 100vw, 1024px\" \/><\/figure>\n\n\n\n<p><\/p>\n","protected":false},"excerpt":{"rendered":"<p>En \u00e9l d\u00eda de hoy jueves 25 de agosto del corriente a\u00f1o se procedi\u00f3 a la inauguraci\u00f3n y habilitaci\u00f3n de la Oficina Regional de Neuland en el Departamento de Boquer\u00f3n con la presencia del Se\u00f1or Intendente C\u00e9sar Gonz\u00e1lez, del Jefe &#8230; <a title=\"Inauguraci\u00f3n y habilitaci\u00f3n de la Oficina Regional de Neuland en el Departamento de Boquer\u00f3n.\" class=\"read-more\" href=\"https:\/\/www.policianacional.gov.py\/identificaciones\/inauguracion-y-habilitacion-de-la-oficina-regional-de-neuland-en-el-departamento-de-boqueron\/\" aria-label=\"Leer m\u00e1s sobre Inauguraci\u00f3n y habilitaci\u00f3n de la Oficina Regional de Neuland en el Departamento de Boquer\u00f3n.\">Leer M\u00e1s&#8230;<\/a><\/p>\n","protected":false},"author":18,"featured_media":6679,"comment_status":"open","ping_status":"closed","sticky":false,"template":"","format":"standard","meta":{"_jetpack_newsletter_access":"","_jetpack_dont_email_post_to_subs":false,"_jetpack_newsletter_tier_id":0,"_jetpack_memberships_contains_paywalled_content":false,"_jetpack_memberships_contains_paid_content":false,"footnotes":""},"categories":[4,13],"tags":[],"class_list":["post-6686","post","type-post","status-publish","format-standard","has-post-thumbnail","hentry","category-destacada","category-noticias","generate-columns","tablet-grid-50","mobile-grid-100","grid-parent","grid-33"],"jetpack_featured_media_url":"https:\/\/www.policianacional.gov.py\/identificaciones\/wp-content\/uploads\/sites\/7\/2022\/08\/IMG-20220825-WA0033-1.jpg","jetpack_sharing_enabled":true,"jetpack_shortlink":"https:\/\/wp.me\/pfafgB-1JQ","_links":{"self":[{"href":"https:\/\/www.policianacional.gov.py\/identificaciones\/wp-json\/wp\/v2\/posts\/6686","targetHints":{"allow":["GET"]}}],"collection":[{"href":"https:\/\/www.policianacional.gov.py\/identificaciones\/wp-json\/wp\/v2\/posts"}],"about":[{"href":"https:\/\/www.policianacional.gov.py\/identificaciones\/wp-json\/wp\/v2\/types\/post"}],"author":[{"embeddable":true,"href":"https:\/\/www.policianacional.gov.py\/identificaciones\/wp-json\/wp\/v2\/users\/18"}],"replies":[{"embeddable":true,"href":"https:\/\/www.policianacional.gov.py\/identificaciones\/wp-json\/wp\/v2\/comments?post=6686"}],"version-history":[{"count":3,"href":"https:\/\/www.policianacional.gov.py\/identificaciones\/wp-json\/wp\/v2\/posts\/6686\/revisions"}],"predecessor-version":[{"id":6689,"href":"https:\/\/www.policianacional.gov.py\/identificaciones\/wp-json\/wp\/v2\/posts\/6686\/revisions\/6689"}],"wp:featuredmedia":[{"embeddable":true,"href":"https:\/\/www.policianacional.gov.py\/identificaciones\/wp-json\/wp\/v2\/media\/6679"}],"wp:attachment":[{"href":"https:\/\/www.policianacional.gov.py\/identificaciones\/wp-json\/wp\/v2\/media?parent=6686"}],"wp:term":[{"taxonomy":"category","embeddable":true,"href":"https:\/\/www.policianacional.gov.py\/identificaciones\/wp-json\/wp\/v2\/categories?post=6686"},{"taxonomy":"post_tag","embeddable":true,"href":"https:\/\/www.policianacional.gov.py\/identificaciones\/wp-json\/wp\/v2\/tags?post=6686"}],"curies":[{"name":"wp","href":"https:\/\/api.w.org\/{rel}","templated":true}]}}