{"id":1938,"date":"2019-10-07T11:52:57","date_gmt":"2019-10-07T14:52:57","guid":{"rendered":"https:\/\/www.policianacional.gov.py\/identificaciones\/?p=1938"},"modified":"2019-11-21T11:16:13","modified_gmt":"2019-11-21T14:16:13","slug":"1938-2","status":"publish","type":"post","link":"https:\/\/www.policianacional.gov.py\/identificaciones\/1938-2\/","title":{"rendered":"NUEVA SEDE DE LA OFICINA REGIONAL DE IDENTIFICACIONES EN EL DEPARTAMENTO DE GUAIRA"},"content":{"rendered":"<p><img loading=\"lazy\" decoding=\"async\" class=\"size-medium wp-image-1939 aligncenter\" src=\"https:\/\/www.policianacional.gov.py\/identificaciones\/wp-content\/uploads\/sites\/7\/2019\/10\/IMG-20191007-WA0016-300x169.jpg\" alt=\"\" width=\"300\" height=\"169\" srcset=\"https:\/\/www.policianacional.gov.py\/identificaciones\/wp-content\/uploads\/sites\/7\/2019\/10\/IMG-20191007-WA0016-300x169.jpg 300w, https:\/\/www.policianacional.gov.py\/identificaciones\/wp-content\/uploads\/sites\/7\/2019\/10\/IMG-20191007-WA0016-768x432.jpg 768w, https:\/\/www.policianacional.gov.py\/identificaciones\/wp-content\/uploads\/sites\/7\/2019\/10\/IMG-20191007-WA0016-1024x576.jpg 1024w, https:\/\/www.policianacional.gov.py\/identificaciones\/wp-content\/uploads\/sites\/7\/2019\/10\/IMG-20191007-WA0016.jpg 1280w\" sizes=\"auto, (max-width: 300px) 100vw, 300px\" \/><\/p>\n<p style=\"text-align: left\">El d\u00eda viernes 4 de octubre, se llev\u00f3 a cabo el acto de Palada Inicial para la nueva edificaci\u00f3n de la Sede de la Oficina Regional de Identificaciones, en el Departamento del Guair\u00e1.<\/p>\n<p>&nbsp;<\/p>\n<p style=\"text-align: center\">\u00a0<img loading=\"lazy\" decoding=\"async\" class=\"size-medium wp-image-1940 alignnone\" src=\"https:\/\/www.policianacional.gov.py\/identificaciones\/wp-content\/uploads\/sites\/7\/2019\/10\/IMG-20191007-WA0014-300x169.jpg\" alt=\"\" width=\"300\" height=\"169\" srcset=\"https:\/\/www.policianacional.gov.py\/identificaciones\/wp-content\/uploads\/sites\/7\/2019\/10\/IMG-20191007-WA0014-300x169.jpg 300w, https:\/\/www.policianacional.gov.py\/identificaciones\/wp-content\/uploads\/sites\/7\/2019\/10\/IMG-20191007-WA0014-768x432.jpg 768w, https:\/\/www.policianacional.gov.py\/identificaciones\/wp-content\/uploads\/sites\/7\/2019\/10\/IMG-20191007-WA0014-1024x576.jpg 1024w, https:\/\/www.policianacional.gov.py\/identificaciones\/wp-content\/uploads\/sites\/7\/2019\/10\/IMG-20191007-WA0014.jpg 1032w\" sizes=\"auto, (max-width: 300px) 100vw, 300px\" \/> <img loading=\"lazy\" decoding=\"async\" class=\"alignnone size-medium wp-image-1941\" src=\"https:\/\/www.policianacional.gov.py\/identificaciones\/wp-content\/uploads\/sites\/7\/2019\/10\/IMG-20191007-WA0015-300x169.jpg\" alt=\"\" width=\"300\" height=\"169\" srcset=\"https:\/\/www.policianacional.gov.py\/identificaciones\/wp-content\/uploads\/sites\/7\/2019\/10\/IMG-20191007-WA0015-300x169.jpg 300w, https:\/\/www.policianacional.gov.py\/identificaciones\/wp-content\/uploads\/sites\/7\/2019\/10\/IMG-20191007-WA0015-768x432.jpg 768w, https:\/\/www.policianacional.gov.py\/identificaciones\/wp-content\/uploads\/sites\/7\/2019\/10\/IMG-20191007-WA0015-1024x576.jpg 1024w, https:\/\/www.policianacional.gov.py\/identificaciones\/wp-content\/uploads\/sites\/7\/2019\/10\/IMG-20191007-WA0015.jpg 1032w\" sizes=\"auto, (max-width: 300px) 100vw, 300px\" \/><\/p>\n<p>Asistieron a dicho acto, el Comandante Interino Crio. Gral. Insp. FRANCISCO RESQUIN CHAMORRO y Se\u00f1ores Directores Generales, Directores de Polic\u00eda de Caazap\u00e1, Guaira, Cient\u00edfica y T\u00e9cnica, Tesorero del Programa de Administraci\u00f3n, Jefe del Departamento de Identificaciones y Jefes de Comisarias.<\/p>\n<p>&nbsp;<\/p>\n","protected":false},"excerpt":{"rendered":"<p>El d\u00eda viernes 4 de octubre, se llev\u00f3 a cabo el acto de Palada Inicial para la nueva edificaci\u00f3n de la Sede de la Oficina Regional de Identificaciones, en el Departamento del Guair\u00e1. &nbsp; \u00a0 Asistieron a dicho acto, el &#8230; <a title=\"NUEVA SEDE DE LA OFICINA REGIONAL DE IDENTIFICACIONES EN EL DEPARTAMENTO DE GUAIRA\" class=\"read-more\" href=\"https:\/\/www.policianacional.gov.py\/identificaciones\/1938-2\/\" aria-label=\"Leer m\u00e1s sobre NUEVA SEDE DE LA OFICINA REGIONAL DE IDENTIFICACIONES EN EL DEPARTAMENTO DE GUAIRA\">Leer M\u00e1s&#8230;<\/a><\/p>\n","protected":false},"author":18,"featured_media":1940,"comment_status":"closed","ping_status":"closed","sticky":false,"template":"","format":"standard","meta":{"_jetpack_newsletter_access":"","_jetpack_dont_email_post_to_subs":false,"_jetpack_newsletter_tier_id":0,"_jetpack_memberships_contains_paywalled_content":false,"_jetpack_memberships_contains_paid_content":false,"footnotes":""},"categories":[13],"tags":[],"class_list":["post-1938","post","type-post","status-publish","format-standard","has-post-thumbnail","hentry","category-noticias","generate-columns","tablet-grid-50","mobile-grid-100","grid-parent","grid-33"],"jetpack_featured_media_url":"https:\/\/www.policianacional.gov.py\/identificaciones\/wp-content\/uploads\/sites\/7\/2019\/10\/IMG-20191007-WA0014.jpg","jetpack_sharing_enabled":true,"jetpack_shortlink":"https:\/\/wp.me\/pfafgB-vg","_links":{"self":[{"href":"https:\/\/www.policianacional.gov.py\/identificaciones\/wp-json\/wp\/v2\/posts\/1938","targetHints":{"allow":["GET"]}}],"collection":[{"href":"https:\/\/www.policianacional.gov.py\/identificaciones\/wp-json\/wp\/v2\/posts"}],"about":[{"href":"https:\/\/www.policianacional.gov.py\/identificaciones\/wp-json\/wp\/v2\/types\/post"}],"author":[{"embeddable":true,"href":"https:\/\/www.policianacional.gov.py\/identificaciones\/wp-json\/wp\/v2\/users\/18"}],"replies":[{"embeddable":true,"href":"https:\/\/www.policianacional.gov.py\/identificaciones\/wp-json\/wp\/v2\/comments?post=1938"}],"version-history":[{"count":8,"href":"https:\/\/www.policianacional.gov.py\/identificaciones\/wp-json\/wp\/v2\/posts\/1938\/revisions"}],"predecessor-version":[{"id":1952,"href":"https:\/\/www.policianacional.gov.py\/identificaciones\/wp-json\/wp\/v2\/posts\/1938\/revisions\/1952"}],"wp:featuredmedia":[{"embeddable":true,"href":"https:\/\/www.policianacional.gov.py\/identificaciones\/wp-json\/wp\/v2\/media\/1940"}],"wp:attachment":[{"href":"https:\/\/www.policianacional.gov.py\/identificaciones\/wp-json\/wp\/v2\/media?parent=1938"}],"wp:term":[{"taxonomy":"category","embeddable":true,"href":"https:\/\/www.policianacional.gov.py\/identificaciones\/wp-json\/wp\/v2\/categories?post=1938"},{"taxonomy":"post_tag","embeddable":true,"href":"https:\/\/www.policianacional.gov.py\/identificaciones\/wp-json\/wp\/v2\/tags?post=1938"}],"curies":[{"name":"wp","href":"https:\/\/api.w.org\/{rel}","templated":true}]}}