{"id":1491,"date":"2018-12-05T11:43:07","date_gmt":"2018-12-05T14:43:07","guid":{"rendered":"https:\/\/www.policianacional.gov.py\/identificaciones\/?p=1491"},"modified":"2018-12-05T11:43:07","modified_gmt":"2018-12-05T14:43:07","slug":"acto-de-inauguracion-del-mural-recordatorio-a-los-caidos-por-el-epp","status":"publish","type":"post","link":"https:\/\/www.policianacional.gov.py\/identificaciones\/acto-de-inauguracion-del-mural-recordatorio-a-los-caidos-por-el-epp\/","title":{"rendered":"ACTO DE INAUGURACI\u00d3N DEL \u00abMURAL RECORDATORIO A LOS CA\u00cdDOS POR EL EPP\u00bb"},"content":{"rendered":"<p>El ministro del Interior Juan Ernesto Villamayor, encabez\u00f3 el acto de inauguraci\u00f3n del <strong><em>\u00abMural de Recordatorio de los Ca\u00eddos por el EPP\u00bb<\/em><\/strong>, que se llev\u00f3 a cabo el d\u00eda martes 04 de diciembre del corriente, en sede del Departamento de Identificaciones de la Polic\u00eda Nacional. El acto cont\u00f3 adem\u00e1s con la presencia del Se\u00f1or Viceministro de Seguridad Interna Dr. Hugo Sosa Pasmor, el Comandante Interino de la Polic\u00eda Nacional Crio. Gral. Insp. Gregorio Walter V\u00e1zquez, dem\u00e1s autoridades y jefes de divisiones.<\/p>\n<p style=\"text-align: center\">\n<p style=\"text-align: center\"><img loading=\"lazy\" decoding=\"async\" class=\"alignnone  wp-image-1496\" src=\"https:\/\/www.policianacional.gov.py\/identificaciones\/wp-content\/uploads\/sites\/7\/2018\/12\/2018-12-04_13.18.25-300x169.jpg\" alt=\"\" width=\"373\" height=\"210\" srcset=\"https:\/\/www.policianacional.gov.py\/identificaciones\/wp-content\/uploads\/sites\/7\/2018\/12\/2018-12-04_13.18.25-300x169.jpg 300w, https:\/\/www.policianacional.gov.py\/identificaciones\/wp-content\/uploads\/sites\/7\/2018\/12\/2018-12-04_13.18.25-768x432.jpg 768w, https:\/\/www.policianacional.gov.py\/identificaciones\/wp-content\/uploads\/sites\/7\/2018\/12\/2018-12-04_13.18.25-1024x576.jpg 1024w\" sizes=\"auto, (max-width: 373px) 100vw, 373px\" \/><\/p>\n<p>El mural, ubicado en la sede central del Departamento de Identificaciones, es un homenaje a los agentes policiales que perdieron la vida en diferentes circunstancias, desde el inicio de la lucha contra el autodenominado Ej\u00e9rcito del Pueblo Paraguayo, hasta la fecha. El mismo contiene la foto de cada uno de los uniformados\u00a0 y una breve rese\u00f1a de su trayectoria dentro de la Polic\u00eda Nacional.<\/p>\n<p style=\"text-align: center\"><img loading=\"lazy\" decoding=\"async\" class=\"alignnone size-medium wp-image-1493\" src=\"https:\/\/www.policianacional.gov.py\/identificaciones\/wp-content\/uploads\/sites\/7\/2018\/12\/2018-12-04_13.24.44-294x300.jpg\" alt=\"\" width=\"294\" height=\"300\" srcset=\"https:\/\/www.policianacional.gov.py\/identificaciones\/wp-content\/uploads\/sites\/7\/2018\/12\/2018-12-04_13.24.44-294x300.jpg 294w, https:\/\/www.policianacional.gov.py\/identificaciones\/wp-content\/uploads\/sites\/7\/2018\/12\/2018-12-04_13.24.44-768x783.jpg 768w, https:\/\/www.policianacional.gov.py\/identificaciones\/wp-content\/uploads\/sites\/7\/2018\/12\/2018-12-04_13.24.44-1005x1024.jpg 1005w, https:\/\/www.policianacional.gov.py\/identificaciones\/wp-content\/uploads\/sites\/7\/2018\/12\/2018-12-04_13.24.44.jpg 1497w\" sizes=\"auto, (max-width: 294px) 100vw, 294px\" \/><img loading=\"lazy\" decoding=\"async\" class=\"alignnone  wp-image-1494\" src=\"https:\/\/www.policianacional.gov.py\/identificaciones\/wp-content\/uploads\/sites\/7\/2018\/12\/2018-12-04_13.24.01-300x275.jpg\" alt=\"\" width=\"327\" height=\"300\" srcset=\"https:\/\/www.policianacional.gov.py\/identificaciones\/wp-content\/uploads\/sites\/7\/2018\/12\/2018-12-04_13.24.01-300x275.jpg 300w, https:\/\/www.policianacional.gov.py\/identificaciones\/wp-content\/uploads\/sites\/7\/2018\/12\/2018-12-04_13.24.01-768x704.jpg 768w, https:\/\/www.policianacional.gov.py\/identificaciones\/wp-content\/uploads\/sites\/7\/2018\/12\/2018-12-04_13.24.01-1024x938.jpg 1024w, https:\/\/www.policianacional.gov.py\/identificaciones\/wp-content\/uploads\/sites\/7\/2018\/12\/2018-12-04_13.24.01.jpg 1675w\" sizes=\"auto, (max-width: 327px) 100vw, 327px\" \/><\/p>\n<p>Al respecto, el Ministro del Interior indic\u00f3 que: <em><strong>\u201c&#8230;Esto es parte de lo que la Polic\u00eda hace; es un espacio humilde que no busca ser grandilocuente, sino mostrar que detr\u00e1s de cada uno de estos hombres hay familias que quedaron desamparadas, y ese es el compromiso de la Polic\u00eda y lo va a seguir cumpliendo.\u201d<\/strong><\/em>, enfatiz\u00f3.<\/p>\n<p style=\"text-align: center\"><img loading=\"lazy\" decoding=\"async\" class=\"alignnone size-medium wp-image-1495\" src=\"https:\/\/www.policianacional.gov.py\/identificaciones\/wp-content\/uploads\/sites\/7\/2018\/12\/2018-12-04_13.21.25-e1544020142291-300x251.jpg\" alt=\"\" width=\"300\" height=\"251\" srcset=\"https:\/\/www.policianacional.gov.py\/identificaciones\/wp-content\/uploads\/sites\/7\/2018\/12\/2018-12-04_13.21.25-e1544020142291-300x251.jpg 300w, https:\/\/www.policianacional.gov.py\/identificaciones\/wp-content\/uploads\/sites\/7\/2018\/12\/2018-12-04_13.21.25-e1544020142291-768x643.jpg 768w, https:\/\/www.policianacional.gov.py\/identificaciones\/wp-content\/uploads\/sites\/7\/2018\/12\/2018-12-04_13.21.25-e1544020142291-1024x857.jpg 1024w, https:\/\/www.policianacional.gov.py\/identificaciones\/wp-content\/uploads\/sites\/7\/2018\/12\/2018-12-04_13.21.25-e1544020142291.jpg 1769w\" sizes=\"auto, (max-width: 300px) 100vw, 300px\" \/><\/p>\n<p>&nbsp;<\/p>\n","protected":false},"excerpt":{"rendered":"<p>El ministro del Interior Juan Ernesto Villamayor, encabez\u00f3 el acto de inauguraci\u00f3n del \u00abMural de Recordatorio de los Ca\u00eddos por el EPP\u00bb, que se llev\u00f3 a cabo el d\u00eda martes 04 de diciembre del corriente, en sede del Departamento de &#8230; <a title=\"ACTO DE INAUGURACI\u00d3N DEL \u00abMURAL RECORDATORIO A LOS CA\u00cdDOS POR EL EPP\u00bb\" class=\"read-more\" href=\"https:\/\/www.policianacional.gov.py\/identificaciones\/acto-de-inauguracion-del-mural-recordatorio-a-los-caidos-por-el-epp\/\" aria-label=\"Leer m\u00e1s sobre ACTO DE INAUGURACI\u00d3N DEL \u00abMURAL RECORDATORIO A LOS CA\u00cdDOS POR EL EPP\u00bb\">Leer M\u00e1s&#8230;<\/a><\/p>\n","protected":false},"author":18,"featured_media":1497,"comment_status":"closed","ping_status":"closed","sticky":false,"template":"","format":"standard","meta":{"_jetpack_newsletter_access":"","_jetpack_dont_email_post_to_subs":false,"_jetpack_newsletter_tier_id":0,"_jetpack_memberships_contains_paywalled_content":false,"_jetpack_memberships_contains_paid_content":false,"footnotes":""},"categories":[13],"tags":[],"class_list":["post-1491","post","type-post","status-publish","format-standard","has-post-thumbnail","hentry","category-noticias","generate-columns","tablet-grid-50","mobile-grid-100","grid-parent","grid-33"],"jetpack_featured_media_url":"https:\/\/www.policianacional.gov.py\/identificaciones\/wp-content\/uploads\/sites\/7\/2018\/12\/IMG_20181204_181637.jpg","jetpack_sharing_enabled":true,"jetpack_shortlink":"https:\/\/wp.me\/pfafgB-o3","_links":{"self":[{"href":"https:\/\/www.policianacional.gov.py\/identificaciones\/wp-json\/wp\/v2\/posts\/1491","targetHints":{"allow":["GET"]}}],"collection":[{"href":"https:\/\/www.policianacional.gov.py\/identificaciones\/wp-json\/wp\/v2\/posts"}],"about":[{"href":"https:\/\/www.policianacional.gov.py\/identificaciones\/wp-json\/wp\/v2\/types\/post"}],"author":[{"embeddable":true,"href":"https:\/\/www.policianacional.gov.py\/identificaciones\/wp-json\/wp\/v2\/users\/18"}],"replies":[{"embeddable":true,"href":"https:\/\/www.policianacional.gov.py\/identificaciones\/wp-json\/wp\/v2\/comments?post=1491"}],"version-history":[{"count":1,"href":"https:\/\/www.policianacional.gov.py\/identificaciones\/wp-json\/wp\/v2\/posts\/1491\/revisions"}],"predecessor-version":[{"id":1498,"href":"https:\/\/www.policianacional.gov.py\/identificaciones\/wp-json\/wp\/v2\/posts\/1491\/revisions\/1498"}],"wp:featuredmedia":[{"embeddable":true,"href":"https:\/\/www.policianacional.gov.py\/identificaciones\/wp-json\/wp\/v2\/media\/1497"}],"wp:attachment":[{"href":"https:\/\/www.policianacional.gov.py\/identificaciones\/wp-json\/wp\/v2\/media?parent=1491"}],"wp:term":[{"taxonomy":"category","embeddable":true,"href":"https:\/\/www.policianacional.gov.py\/identificaciones\/wp-json\/wp\/v2\/categories?post=1491"},{"taxonomy":"post_tag","embeddable":true,"href":"https:\/\/www.policianacional.gov.py\/identificaciones\/wp-json\/wp\/v2\/tags?post=1491"}],"curies":[{"name":"wp","href":"https:\/\/api.w.org\/{rel}","templated":true}]}}