{"id":1362,"date":"2018-09-12T11:38:06","date_gmt":"2018-09-12T15:38:06","guid":{"rendered":"https:\/\/www.policianacional.gov.py\/identificaciones\/?p=1362"},"modified":"2018-09-12T11:38:06","modified_gmt":"2018-09-12T15:38:06","slug":"el-departamento-de-identificaciones-recibio-la-visita-del-director-general-de-migraciones","status":"publish","type":"post","link":"https:\/\/www.policianacional.gov.py\/identificaciones\/el-departamento-de-identificaciones-recibio-la-visita-del-director-general-de-migraciones\/","title":{"rendered":"EL DEPARTAMENTO DE IDENTIFICACIONES RECIBI\u00d3 LA VISITA DEL DIRECTOR GENERAL DE MIGRACIONES"},"content":{"rendered":"<p style=\"text-align: center\"><span style=\"font-size: 14pt\">El Director General de Migraciones,\u00a0<strong>Abog. Juli\u00e1n Vega Insfr\u00e1n<\/strong>\u00a0se reuni\u00f3 el d\u00eda de ayer con el\u00a0<strong>Crio. Ppal. MCP. Inocencio Escobar<\/strong>, Jefe de Gabinete del Departamento de Identificaciones de la Polic\u00eda Nacional y otras autoridades de esta dependencia, a fin de coordinar los mecanismos para la intensificaci\u00f3n de los controles en la emisi\u00f3n de documentos de identidad y de radicaci\u00f3n (c\u00e9dulas, pasaportes, carnet de radicaci\u00f3n, etc.) a ciudadanos extranjeros residentes en el territorio nacional.<\/span><\/p>\n","protected":false},"excerpt":{"rendered":"<p>El Director General de Migraciones,\u00a0Abog. Juli\u00e1n Vega Insfr\u00e1n\u00a0se reuni\u00f3 el d\u00eda de ayer con el\u00a0Crio. Ppal. MCP. Inocencio Escobar, Jefe de Gabinete del Departamento de Identificaciones de la Polic\u00eda Nacional y otras autoridades de esta dependencia, a fin de coordinar &#8230; <a title=\"EL DEPARTAMENTO DE IDENTIFICACIONES RECIBI\u00d3 LA VISITA DEL DIRECTOR GENERAL DE MIGRACIONES\" class=\"read-more\" href=\"https:\/\/www.policianacional.gov.py\/identificaciones\/el-departamento-de-identificaciones-recibio-la-visita-del-director-general-de-migraciones\/\" aria-label=\"Leer m\u00e1s sobre EL DEPARTAMENTO DE IDENTIFICACIONES RECIBI\u00d3 LA VISITA DEL DIRECTOR GENERAL DE MIGRACIONES\">Leer M\u00e1s&#8230;<\/a><\/p>\n","protected":false},"author":18,"featured_media":1363,"comment_status":"closed","ping_status":"closed","sticky":false,"template":"","format":"standard","meta":{"_jetpack_newsletter_access":"","_jetpack_dont_email_post_to_subs":false,"_jetpack_newsletter_tier_id":0,"_jetpack_memberships_contains_paywalled_content":false,"_jetpack_memberships_contains_paid_content":false,"footnotes":""},"categories":[13],"tags":[],"class_list":["post-1362","post","type-post","status-publish","format-standard","has-post-thumbnail","hentry","category-noticias","generate-columns","tablet-grid-50","mobile-grid-100","grid-parent","grid-33"],"jetpack_featured_media_url":"https:\/\/www.policianacional.gov.py\/identificaciones\/wp-content\/uploads\/sites\/7\/2018\/09\/reunion-identificaciones-e1536766667356.png","jetpack_sharing_enabled":true,"jetpack_shortlink":"https:\/\/wp.me\/pfafgB-lY","_links":{"self":[{"href":"https:\/\/www.policianacional.gov.py\/identificaciones\/wp-json\/wp\/v2\/posts\/1362","targetHints":{"allow":["GET"]}}],"collection":[{"href":"https:\/\/www.policianacional.gov.py\/identificaciones\/wp-json\/wp\/v2\/posts"}],"about":[{"href":"https:\/\/www.policianacional.gov.py\/identificaciones\/wp-json\/wp\/v2\/types\/post"}],"author":[{"embeddable":true,"href":"https:\/\/www.policianacional.gov.py\/identificaciones\/wp-json\/wp\/v2\/users\/18"}],"replies":[{"embeddable":true,"href":"https:\/\/www.policianacional.gov.py\/identificaciones\/wp-json\/wp\/v2\/comments?post=1362"}],"version-history":[{"count":1,"href":"https:\/\/www.policianacional.gov.py\/identificaciones\/wp-json\/wp\/v2\/posts\/1362\/revisions"}],"predecessor-version":[{"id":1364,"href":"https:\/\/www.policianacional.gov.py\/identificaciones\/wp-json\/wp\/v2\/posts\/1362\/revisions\/1364"}],"wp:featuredmedia":[{"embeddable":true,"href":"https:\/\/www.policianacional.gov.py\/identificaciones\/wp-json\/wp\/v2\/media\/1363"}],"wp:attachment":[{"href":"https:\/\/www.policianacional.gov.py\/identificaciones\/wp-json\/wp\/v2\/media?parent=1362"}],"wp:term":[{"taxonomy":"category","embeddable":true,"href":"https:\/\/www.policianacional.gov.py\/identificaciones\/wp-json\/wp\/v2\/categories?post=1362"},{"taxonomy":"post_tag","embeddable":true,"href":"https:\/\/www.policianacional.gov.py\/identificaciones\/wp-json\/wp\/v2\/tags?post=1362"}],"curies":[{"name":"wp","href":"https:\/\/api.w.org\/{rel}","templated":true}]}}