{"id":1204,"date":"2018-06-01T10:06:57","date_gmt":"2018-06-01T14:06:57","guid":{"rendered":"https:\/\/www.policianacional.gov.py\/identificaciones\/?p=1204"},"modified":"2018-06-01T10:17:37","modified_gmt":"2018-06-01T14:17:37","slug":"conmovedor-reencuentro-entre-madre-e-hija-tras-21-anos","status":"publish","type":"post","link":"https:\/\/www.policianacional.gov.py\/identificaciones\/conmovedor-reencuentro-entre-madre-e-hija-tras-21-anos\/","title":{"rendered":"CONMOVEDOR REENCUENTRO ENTRE MADRE E HIJA TRAS 21 A\u00d1OS"},"content":{"rendered":"<p style=\"text-align: center\"><strong>ILANA SARA KLEIN<\/strong> (23 a\u00f1os) nacida el 1 de junio de 1995, vive en Estados Unidos de Am\u00e9rica, fue adoptada por una familia extranjera cuando tenia meses de vida y siempre so\u00f1\u00f3 con conocer a su madre biol\u00f3gica. Ese sue\u00f1o se cumpli\u00f3 el d\u00eda de ayer en la Sede Central del Departamento de Identificaciones de la Polic\u00eda Nacional. Hoy festeja su cumplea\u00f1os con el mejor regalo de haberse reencontrado con su madre luego de 21 a\u00f1os.<\/p>\n<p style=\"text-align: center\">La Se\u00f1orita Ilana fue reconocida por su madre biol\u00f3gica como Shirley Elizabeth Morales, lleg\u00f3 a nuestro pa\u00eds hace unos d\u00edas en compa\u00f1\u00eda de su padre Shimon Klein, los mismos se presentaron ante el Departamento de Identificaciones en la tarde de ayer, a fin de localizar a su progenitora, de quien no ten\u00eda m\u00e1s datos que su nombre y la ciudad donde fijaba domicilio.<\/p>\n<p style=\"text-align: center\"><img loading=\"lazy\" decoding=\"async\" class=\"alignnone wp-image-1205\" src=\"https:\/\/www.policianacional.gov.py\/identificaciones\/wp-content\/uploads\/sites\/7\/2018\/06\/20180601_084718-300x294.jpg\" alt=\"\" width=\"388\" height=\"380\" srcset=\"https:\/\/www.policianacional.gov.py\/identificaciones\/wp-content\/uploads\/sites\/7\/2018\/06\/20180601_084718-300x294.jpg 300w, https:\/\/www.policianacional.gov.py\/identificaciones\/wp-content\/uploads\/sites\/7\/2018\/06\/20180601_084718.jpg 734w\" sizes=\"auto, (max-width: 388px) 100vw, 388px\" \/><\/p>\n<p style=\"text-align: center\">A partir de esos datos personal de \u00e9sta dependencia, a cargo del Jefe Crio. Ppal. MCP. Saturnino Santiago Villalba, iniciaron la b\u00fasqueda de la madre y lograron ubicar a la Se\u00f1ora Silvia Morales. Se contact\u00f3 con ella y de inmediato acudi\u00f3 hasta la sede policial, donde entre l\u00e1grimas y abrazos se produjo el emotivo reencuentro, El Jefe del Departamento de Identificaciones de la Polic\u00eda Nacional, sostuvo que luego de la llegada de estas personas buscando a la mujer, se inici\u00f3 una investigaci\u00f3n interna que afortunadamente tuvo un final feliz; \u201c<em>Hab\u00eda muchas Silvia Morales pero por fortuna hemos llegado a la indicada. El encuentro fue muy emotivo\u201d<\/em>, indic\u00f3.\u00a0El funcionario del TSJE, Mario A. Quevedo, ofici\u00f3 de traductor, dado que la joven y su padre no hablan castellano.<\/p>\n<p style=\"text-align: center\"><img loading=\"lazy\" decoding=\"async\" class=\"alignnone wp-image-1206\" src=\"https:\/\/www.policianacional.gov.py\/identificaciones\/wp-content\/uploads\/sites\/7\/2018\/06\/silvia-morales-izq-se-reune-emocionada-con-su-hija-sara-klein-frente-al-crio-princ-saturnino-villalba-_872_573_1627109-300x197.jpg\" alt=\"\" width=\"389\" height=\"255\" srcset=\"https:\/\/www.policianacional.gov.py\/identificaciones\/wp-content\/uploads\/sites\/7\/2018\/06\/silvia-morales-izq-se-reune-emocionada-con-su-hija-sara-klein-frente-al-crio-princ-saturnino-villalba-_872_573_1627109-300x197.jpg 300w, https:\/\/www.policianacional.gov.py\/identificaciones\/wp-content\/uploads\/sites\/7\/2018\/06\/silvia-morales-izq-se-reune-emocionada-con-su-hija-sara-klein-frente-al-crio-princ-saturnino-villalba-_872_573_1627109-768x505.jpg 768w, https:\/\/www.policianacional.gov.py\/identificaciones\/wp-content\/uploads\/sites\/7\/2018\/06\/silvia-morales-izq-se-reune-emocionada-con-su-hija-sara-klein-frente-al-crio-princ-saturnino-villalba-_872_573_1627109.jpg 872w\" sizes=\"auto, (max-width: 389px) 100vw, 389px\" \/><\/p>\n<p style=\"text-align: center\"><em>\u201cEs como si fuera que renac\u00ed en la vida porque no esperaba que llegara este momento, siempre ped\u00eda por ella. Gracias a estas personas la volv\u00ed a ver. Me sorprendi\u00f3 el contacto\u201d<\/em>, expres\u00f3 emocionada Silvia Morales (madre biol\u00f3gica).\u00a0La Se\u00f1ora Silvia coment\u00f3 a Ilana es la segunda de siete hermanos, y manifest\u00f3 que tom\u00f3 esa decisi\u00f3n por la situaci\u00f3n de necesidad que atravesaba cuando la ni\u00f1a contaba con meses de vida, y para que la ni\u00f1a tuviera una mejor vida.<\/p>\n<p style=\"text-align: center\">En 1995 un matrimonio de New Jersey (EE.UU.), integrado por Shimon y Rochelle Klein, adopt\u00f3 a la peque\u00f1a y la llev\u00f3 a su pa\u00eds de origen &#8211; Estados Unidos de Am\u00e9rica. Le dieron el nombre de Ilana Sara Klein, actualmente la misma es Psic\u00f3loga en Nueva Jersey y se prepara para el Doctorado, adem\u00e1s su padre manifest\u00f3 que es una excelente cantante.<\/p>\n<p style=\"text-align: center\"><img loading=\"lazy\" decoding=\"async\" class=\"alignnone wp-image-1208\" src=\"https:\/\/www.policianacional.gov.py\/identificaciones\/wp-content\/uploads\/sites\/7\/2018\/06\/una-fotografia-con-sus-padres-adoptivos-rochelle-y-shimon-klein-tomada-en-ee-uu-_413_573_1627110-1-216x300.jpg\" alt=\"\" width=\"253\" height=\"351\" srcset=\"https:\/\/www.policianacional.gov.py\/identificaciones\/wp-content\/uploads\/sites\/7\/2018\/06\/una-fotografia-con-sus-padres-adoptivos-rochelle-y-shimon-klein-tomada-en-ee-uu-_413_573_1627110-1-216x300.jpg 216w, https:\/\/www.policianacional.gov.py\/identificaciones\/wp-content\/uploads\/sites\/7\/2018\/06\/una-fotografia-con-sus-padres-adoptivos-rochelle-y-shimon-klein-tomada-en-ee-uu-_413_573_1627110-1.jpg 413w\" sizes=\"auto, (max-width: 253px) 100vw, 253px\" \/><\/p>\n<p style=\"text-align: center\"><em>\u201cMi esposa y yo estamos muy agradecidos porque nos permitieron adoptar a esta ni\u00f1a hermosa y criarla en la forma como la hicimos hasta ahora. Es una chica muy talentosa y muy buena cantante\u201d<\/em>, dijo Shimon Klein.<\/p>\n<p style=\"text-align: center\"><img loading=\"lazy\" decoding=\"async\" class=\"alignnone wp-image-1209\" src=\"https:\/\/www.policianacional.gov.py\/identificaciones\/wp-content\/uploads\/sites\/7\/2018\/06\/876_573_1627108-300x196.jpg\" alt=\"\" width=\"473\" height=\"309\" srcset=\"https:\/\/www.policianacional.gov.py\/identificaciones\/wp-content\/uploads\/sites\/7\/2018\/06\/876_573_1627108-300x196.jpg 300w, https:\/\/www.policianacional.gov.py\/identificaciones\/wp-content\/uploads\/sites\/7\/2018\/06\/876_573_1627108-768x502.jpg 768w, https:\/\/www.policianacional.gov.py\/identificaciones\/wp-content\/uploads\/sites\/7\/2018\/06\/876_573_1627108.jpg 876w\" sizes=\"auto, (max-width: 473px) 100vw, 473px\" \/><\/p>\n","protected":false},"excerpt":{"rendered":"<p>ILANA SARA KLEIN (23 a\u00f1os) nacida el 1 de junio de 1995, vive en Estados Unidos de Am\u00e9rica, fue adoptada por una familia extranjera cuando tenia meses de vida y siempre so\u00f1\u00f3 con conocer a su madre biol\u00f3gica. Ese sue\u00f1o &#8230; <a title=\"CONMOVEDOR REENCUENTRO ENTRE MADRE E HIJA TRAS 21 A\u00d1OS\" class=\"read-more\" href=\"https:\/\/www.policianacional.gov.py\/identificaciones\/conmovedor-reencuentro-entre-madre-e-hija-tras-21-anos\/\" aria-label=\"Leer m\u00e1s sobre CONMOVEDOR REENCUENTRO ENTRE MADRE E HIJA TRAS 21 A\u00d1OS\">Leer M\u00e1s&#8230;<\/a><\/p>\n","protected":false},"author":18,"featured_media":1210,"comment_status":"closed","ping_status":"closed","sticky":false,"template":"","format":"standard","meta":{"_jetpack_newsletter_access":"","_jetpack_dont_email_post_to_subs":false,"_jetpack_newsletter_tier_id":0,"_jetpack_memberships_contains_paywalled_content":false,"_jetpack_memberships_contains_paid_content":false,"footnotes":""},"categories":[13],"tags":[],"class_list":["post-1204","post","type-post","status-publish","format-standard","has-post-thumbnail","hentry","category-noticias","generate-columns","tablet-grid-50","mobile-grid-100","grid-parent","grid-33"],"jetpack_featured_media_url":"https:\/\/www.policianacional.gov.py\/identificaciones\/wp-content\/uploads\/sites\/7\/2018\/06\/20180601_082937-e1527861720547.jpg","jetpack_sharing_enabled":true,"jetpack_shortlink":"https:\/\/wp.me\/pfafgB-jq","_links":{"self":[{"href":"https:\/\/www.policianacional.gov.py\/identificaciones\/wp-json\/wp\/v2\/posts\/1204","targetHints":{"allow":["GET"]}}],"collection":[{"href":"https:\/\/www.policianacional.gov.py\/identificaciones\/wp-json\/wp\/v2\/posts"}],"about":[{"href":"https:\/\/www.policianacional.gov.py\/identificaciones\/wp-json\/wp\/v2\/types\/post"}],"author":[{"embeddable":true,"href":"https:\/\/www.policianacional.gov.py\/identificaciones\/wp-json\/wp\/v2\/users\/18"}],"replies":[{"embeddable":true,"href":"https:\/\/www.policianacional.gov.py\/identificaciones\/wp-json\/wp\/v2\/comments?post=1204"}],"version-history":[{"count":4,"href":"https:\/\/www.policianacional.gov.py\/identificaciones\/wp-json\/wp\/v2\/posts\/1204\/revisions"}],"predecessor-version":[{"id":1214,"href":"https:\/\/www.policianacional.gov.py\/identificaciones\/wp-json\/wp\/v2\/posts\/1204\/revisions\/1214"}],"wp:featuredmedia":[{"embeddable":true,"href":"https:\/\/www.policianacional.gov.py\/identificaciones\/wp-json\/wp\/v2\/media\/1210"}],"wp:attachment":[{"href":"https:\/\/www.policianacional.gov.py\/identificaciones\/wp-json\/wp\/v2\/media?parent=1204"}],"wp:term":[{"taxonomy":"category","embeddable":true,"href":"https:\/\/www.policianacional.gov.py\/identificaciones\/wp-json\/wp\/v2\/categories?post=1204"},{"taxonomy":"post_tag","embeddable":true,"href":"https:\/\/www.policianacional.gov.py\/identificaciones\/wp-json\/wp\/v2\/tags?post=1204"}],"curies":[{"name":"wp","href":"https:\/\/api.w.org\/{rel}","templated":true}]}}