{"id":1166,"date":"2018-05-10T10:32:36","date_gmt":"2018-05-10T14:32:36","guid":{"rendered":"https:\/\/www.policianacional.gov.py\/identificaciones\/?p=1166"},"modified":"2018-05-11T09:09:59","modified_gmt":"2018-05-11T13:09:59","slug":"actividades-en-homenaje-al-suboficial-1-ps-edelio-morinigo-florenciano","status":"publish","type":"post","link":"https:\/\/www.policianacional.gov.py\/identificaciones\/actividades-en-homenaje-al-suboficial-1-ps-edelio-morinigo-florenciano\/","title":{"rendered":"ACTIVIDADES EN HOMENAJE AL SUBOFICIAL 1\u00b0 PS EDELIO MOR\u00cdNIGO FLORENCIANO"},"content":{"rendered":"<p style=\"text-align: center\">El d\u00eda mi\u00e9rcoles 09 de mayo del presente a\u00f1o se llev\u00f3 a cabo una serie de actividades en homenaje al cumplea\u00f1os del <strong><em>Suboficial Primero PS EDELIO MOR\u00cdNIGO FLORENCIANO<\/em><\/strong>, el evento se desarroll\u00f3 en la vivienda de sus padres ubicada en Lucero Cue &#8211; Arroyito, a unos 80 km de la ciudad de Concepci\u00f3n, estuvieron presentes el Jefe de las FTC Gral. H\u00e9ctor Grau, el Comandante de la Polic\u00eda Nacional\u00a0 Crio. Gral. Luis Rojas, y dem\u00e1s autoridades.<\/p>\n<p style=\"text-align: center\"><img loading=\"lazy\" decoding=\"async\" class=\"alignnone wp-image-1167\" src=\"https:\/\/www.policianacional.gov.py\/identificaciones\/wp-content\/uploads\/sites\/7\/2018\/05\/IMG-20180510-WA0008-300x169.jpg\" alt=\"\" width=\"351\" height=\"198\" srcset=\"https:\/\/www.policianacional.gov.py\/identificaciones\/wp-content\/uploads\/sites\/7\/2018\/05\/IMG-20180510-WA0008-300x169.jpg 300w, https:\/\/www.policianacional.gov.py\/identificaciones\/wp-content\/uploads\/sites\/7\/2018\/05\/IMG-20180510-WA0008-768x432.jpg 768w, https:\/\/www.policianacional.gov.py\/identificaciones\/wp-content\/uploads\/sites\/7\/2018\/05\/IMG-20180510-WA0008-1024x576.jpg 1024w, https:\/\/www.policianacional.gov.py\/identificaciones\/wp-content\/uploads\/sites\/7\/2018\/05\/IMG-20180510-WA0008.jpg 1280w\" sizes=\"auto, (max-width: 351px) 100vw, 351px\" \/><\/p>\n<p style=\"text-align: center\">El Departamento de Identificaciones realiz\u00f3 servicios de cedulaci\u00f3n, arrojando como resultado la solicitud de ocho C\u00e9dulas de Identidad por primera vez, y de treinta y dos renovaciones de C\u00e9dulas de Identidad.<\/p>\n<p>&nbsp;<\/p>\n","protected":false},"excerpt":{"rendered":"<p>El d\u00eda mi\u00e9rcoles 09 de mayo del presente a\u00f1o se llev\u00f3 a cabo una serie de actividades en homenaje al cumplea\u00f1os del Suboficial Primero PS EDELIO MOR\u00cdNIGO FLORENCIANO, el evento se desarroll\u00f3 en la vivienda de sus padres ubicada en &#8230; <a title=\"ACTIVIDADES EN HOMENAJE AL SUBOFICIAL 1\u00b0 PS EDELIO MOR\u00cdNIGO FLORENCIANO\" class=\"read-more\" href=\"https:\/\/www.policianacional.gov.py\/identificaciones\/actividades-en-homenaje-al-suboficial-1-ps-edelio-morinigo-florenciano\/\" aria-label=\"Leer m\u00e1s sobre ACTIVIDADES EN HOMENAJE AL SUBOFICIAL 1\u00b0 PS EDELIO MOR\u00cdNIGO FLORENCIANO\">Leer M\u00e1s&#8230;<\/a><\/p>\n","protected":false},"author":18,"featured_media":1168,"comment_status":"closed","ping_status":"closed","sticky":false,"template":"","format":"standard","meta":{"_jetpack_newsletter_access":"","_jetpack_dont_email_post_to_subs":false,"_jetpack_newsletter_tier_id":0,"_jetpack_memberships_contains_paywalled_content":false,"_jetpack_memberships_contains_paid_content":false,"footnotes":""},"categories":[13],"tags":[],"class_list":["post-1166","post","type-post","status-publish","format-standard","has-post-thumbnail","hentry","category-noticias","generate-columns","tablet-grid-50","mobile-grid-100","grid-parent","grid-33"],"jetpack_featured_media_url":"https:\/\/www.policianacional.gov.py\/identificaciones\/wp-content\/uploads\/sites\/7\/2018\/05\/IMG-20180510-WA0005-e1530204588336.jpg","jetpack_sharing_enabled":true,"jetpack_shortlink":"https:\/\/wp.me\/pfafgB-iO","_links":{"self":[{"href":"https:\/\/www.policianacional.gov.py\/identificaciones\/wp-json\/wp\/v2\/posts\/1166","targetHints":{"allow":["GET"]}}],"collection":[{"href":"https:\/\/www.policianacional.gov.py\/identificaciones\/wp-json\/wp\/v2\/posts"}],"about":[{"href":"https:\/\/www.policianacional.gov.py\/identificaciones\/wp-json\/wp\/v2\/types\/post"}],"author":[{"embeddable":true,"href":"https:\/\/www.policianacional.gov.py\/identificaciones\/wp-json\/wp\/v2\/users\/18"}],"replies":[{"embeddable":true,"href":"https:\/\/www.policianacional.gov.py\/identificaciones\/wp-json\/wp\/v2\/comments?post=1166"}],"version-history":[{"count":3,"href":"https:\/\/www.policianacional.gov.py\/identificaciones\/wp-json\/wp\/v2\/posts\/1166\/revisions"}],"predecessor-version":[{"id":1174,"href":"https:\/\/www.policianacional.gov.py\/identificaciones\/wp-json\/wp\/v2\/posts\/1166\/revisions\/1174"}],"wp:featuredmedia":[{"embeddable":true,"href":"https:\/\/www.policianacional.gov.py\/identificaciones\/wp-json\/wp\/v2\/media\/1168"}],"wp:attachment":[{"href":"https:\/\/www.policianacional.gov.py\/identificaciones\/wp-json\/wp\/v2\/media?parent=1166"}],"wp:term":[{"taxonomy":"category","embeddable":true,"href":"https:\/\/www.policianacional.gov.py\/identificaciones\/wp-json\/wp\/v2\/categories?post=1166"},{"taxonomy":"post_tag","embeddable":true,"href":"https:\/\/www.policianacional.gov.py\/identificaciones\/wp-json\/wp\/v2\/tags?post=1166"}],"curies":[{"name":"wp","href":"https:\/\/api.w.org\/{rel}","templated":true}]}}