{"id":1548,"date":"2020-06-29T21:09:48","date_gmt":"2020-06-30T01:09:48","guid":{"rendered":"https:\/\/www.policianacional.gov.py\/antisecuestro\/?p=1548"},"modified":"2020-06-30T13:12:46","modified_gmt":"2020-06-30T17:12:46","slug":"1548-2","status":"publish","type":"post","link":"https:\/\/www.policianacional.gov.py\/antisecuestro\/1548-2\/","title":{"rendered":""},"content":{"rendered":"<p><span class=\"css-901oao css-16my406 r-1qd0xha r-ad9z0x r-bcqeeo r-qvutc0\"> Mediante un operativo conjunto e interagencial entre el <\/span><span class=\"r-18u37iz\"><a class=\"css-4rbku5 css-18t94o4 css-901oao css-16my406 r-1n1174f r-1loqt21 r-1qd0xha r-ad9z0x r-bcqeeo r-qvutc0\" role=\"link\" href=\"https:\/\/twitter.com\/DAS_Paraguay\" data-focusable=\"true\">@DAS_Paraguay<\/a><\/span><span class=\"css-901oao css-16my406 r-1qd0xha r-ad9z0x r-bcqeeo r-qvutc0\">, <\/span><span class=\"r-18u37iz\"><a class=\"css-4rbku5 css-18t94o4 css-901oao css-16my406 r-1n1174f r-1loqt21 r-1qd0xha r-ad9z0x r-bcqeeo r-qvutc0\" role=\"link\" href=\"https:\/\/twitter.com\/codi_FTC\" data-focusable=\"true\">@codi_FTC<\/a><\/span><span class=\"css-901oao css-16my406 r-1qd0xha r-ad9z0x r-bcqeeo r-qvutc0\">, BIMI, \u00a0<\/span><span class=\"r-18u37iz\"><a class=\"css-4rbku5 css-18t94o4 css-901oao css-16my406 r-1n1174f r-1loqt21 r-1qd0xha r-ad9z0x r-bcqeeo r-qvutc0\" role=\"link\" href=\"https:\/\/twitter.com\/MinPublicoPy\" data-focusable=\"true\">@MinPublicoPy <\/a><\/span>y otras unidades policiales se logr\u00f3 la detenci\u00f3n de 2 personas quienes presumiblemente ser\u00edan los autores del atentado a la estancia Capi&#8217;ibary de Concepci\u00f3n.<\/p>\n","protected":false},"excerpt":{"rendered":"<p>Mediante un operativo conjunto e interagencial entre el @DAS_Paraguay, @codi_FTC, BIMI, \u00a0@MinPublicoPy y otras unidades policiales se logr\u00f3 la detenci\u00f3n de 2 personas quienes presumiblemente ser\u00edan los autores del atentado a la estancia Capi&#8217;ibary de Concepci\u00f3n.<\/p>\n","protected":false},"author":21,"featured_media":1549,"comment_status":"closed","ping_status":"closed","sticky":false,"template":"","format":"standard","meta":{"generate_page_header":"","_jetpack_newsletter_access":"","_jetpack_dont_email_post_to_subs":false,"_jetpack_newsletter_tier_id":0,"_jetpack_memberships_contains_paywalled_content":false,"_jetpack_memberships_contains_paid_content":false,"footnotes":""},"categories":[14,13],"tags":[],"class_list":["post-1548","post","type-post","status-publish","format-standard","has-post-thumbnail","hentry","category-destacado","category-noticias"],"jetpack_featured_media_url":"https:\/\/www.policianacional.gov.py\/antisecuestro\/wp-content\/uploads\/sites\/18\/2020\/06\/EbuIC_RXgAElcm6.jpg","jetpack_sharing_enabled":true,"jetpack_shortlink":"https:\/\/wp.me\/p8Lk5a-oY","_links":{"self":[{"href":"https:\/\/www.policianacional.gov.py\/antisecuestro\/wp-json\/wp\/v2\/posts\/1548","targetHints":{"allow":["GET"]}}],"collection":[{"href":"https:\/\/www.policianacional.gov.py\/antisecuestro\/wp-json\/wp\/v2\/posts"}],"about":[{"href":"https:\/\/www.policianacional.gov.py\/antisecuestro\/wp-json\/wp\/v2\/types\/post"}],"author":[{"embeddable":true,"href":"https:\/\/www.policianacional.gov.py\/antisecuestro\/wp-json\/wp\/v2\/users\/21"}],"replies":[{"embeddable":true,"href":"https:\/\/www.policianacional.gov.py\/antisecuestro\/wp-json\/wp\/v2\/comments?post=1548"}],"version-history":[{"count":1,"href":"https:\/\/www.policianacional.gov.py\/antisecuestro\/wp-json\/wp\/v2\/posts\/1548\/revisions"}],"predecessor-version":[{"id":1550,"href":"https:\/\/www.policianacional.gov.py\/antisecuestro\/wp-json\/wp\/v2\/posts\/1548\/revisions\/1550"}],"wp:featuredmedia":[{"embeddable":true,"href":"https:\/\/www.policianacional.gov.py\/antisecuestro\/wp-json\/wp\/v2\/media\/1549"}],"wp:attachment":[{"href":"https:\/\/www.policianacional.gov.py\/antisecuestro\/wp-json\/wp\/v2\/media?parent=1548"}],"wp:term":[{"taxonomy":"category","embeddable":true,"href":"https:\/\/www.policianacional.gov.py\/antisecuestro\/wp-json\/wp\/v2\/categories?post=1548"},{"taxonomy":"post_tag","embeddable":true,"href":"https:\/\/www.policianacional.gov.py\/antisecuestro\/wp-json\/wp\/v2\/tags?post=1548"}],"curies":[{"name":"wp","href":"https:\/\/api.w.org\/{rel}","templated":true}]}}