{"id":1536,"date":"2020-06-12T23:44:14","date_gmt":"2020-06-13T03:44:14","guid":{"rendered":"https:\/\/www.policianacional.gov.py\/antisecuestro\/?p=1536"},"modified":"2020-06-12T23:53:19","modified_gmt":"2020-06-13T03:53:19","slug":"operativo-itakaru","status":"publish","type":"post","link":"https:\/\/www.policianacional.gov.py\/antisecuestro\/operativo-itakaru\/","title":{"rendered":"OPERATIVO ITAKARU"},"content":{"rendered":"<p><span class=\"css-901oao css-16my406 r-1qd0xha r-ad9z0x r-bcqeeo r-qvutc0\">Exitosa operaci\u00f3n conjunta, coordinada e interagencial entre el\u00a0<\/span><span class=\"r-18u37iz\"><a class=\"css-4rbku5 css-18t94o4 css-901oao css-16my406 r-1n1174f r-1loqt21 r-1qd0xha r-ad9z0x r-bcqeeo r-qvutc0\" role=\"link\" href=\"https:\/\/twitter.com\/DAS_Paraguay\" data-focusable=\"true\">@DAS_Paraguay<\/a><\/span><span class=\"css-901oao css-16my406 r-1qd0xha r-ad9z0x r-bcqeeo r-qvutc0\">, <\/span><a class=\"css-4rbku5 css-18t94o4 css-901oao css-16my406 r-1n1174f r-1loqt21 r-1qd0xha r-ad9z0x r-bcqeeo r-qvutc0\" role=\"link\" href=\"https:\/\/twitter.com\/MinPublicoPy\" data-focusable=\"true\">@MinPublicoPy<\/a><span class=\"css-901oao css-16my406 r-1qd0xha r-ad9z0x r-bcqeeo r-qvutc0\"> y los integrantes del <\/span><a class=\"css-4rbku5 css-18t94o4 css-901oao css-16my406 r-1n1174f r-1loqt21 r-1qd0xha r-ad9z0x r-bcqeeo r-qvutc0\" role=\"link\" href=\"https:\/\/twitter.com\/codi_FTC\" data-focusable=\"true\">@codi_FTC<\/a><span class=\"css-901oao css-16my406 r-1qd0xha r-ad9z0x r-bcqeeo r-qvutc0\">, destacando la labor del BIMI y 2da. C\u00f1ia. de B\u00fasqueda que permiti\u00f3 abatir a Antonio Bernal Ma\u00edz cabecilla del ACA.<img loading=\"lazy\" decoding=\"async\" class=\"aligncenter wp-image-1537\" src=\"https:\/\/www.policianacional.gov.py\/antisecuestro\/wp-content\/uploads\/sites\/18\/2020\/06\/EaVKYanXQAsoJ1i-300x150.jpg\" alt=\"\" width=\"470\" height=\"235\" srcset=\"https:\/\/www.policianacional.gov.py\/antisecuestro\/wp-content\/uploads\/sites\/18\/2020\/06\/EaVKYanXQAsoJ1i-300x150.jpg 300w, https:\/\/www.policianacional.gov.py\/antisecuestro\/wp-content\/uploads\/sites\/18\/2020\/06\/EaVKYanXQAsoJ1i-768x384.jpg 768w, https:\/\/www.policianacional.gov.py\/antisecuestro\/wp-content\/uploads\/sites\/18\/2020\/06\/EaVKYanXQAsoJ1i-1024x512.jpg 1024w, https:\/\/www.policianacional.gov.py\/antisecuestro\/wp-content\/uploads\/sites\/18\/2020\/06\/EaVKYanXQAsoJ1i.jpg 2048w\" sizes=\"auto, (max-width: 470px) 100vw, 470px\" \/><\/span><\/p>\n","protected":false},"excerpt":{"rendered":"<p>Exitosa operaci\u00f3n conjunta, coordinada e interagencial entre el\u00a0@DAS_Paraguay, @MinPublicoPy y los integrantes del @codi_FTC, destacando la labor del BIMI y 2da. C\u00f1ia. de B\u00fasqueda que permiti\u00f3 abatir a Antonio Bernal Ma\u00edz cabecilla del ACA.<\/p>\n","protected":false},"author":21,"featured_media":0,"comment_status":"closed","ping_status":"closed","sticky":false,"template":"","format":"standard","meta":{"generate_page_header":"","_jetpack_newsletter_access":"","_jetpack_dont_email_post_to_subs":false,"_jetpack_newsletter_tier_id":0,"_jetpack_memberships_contains_paywalled_content":false,"_jetpack_memberships_contains_paid_content":false,"footnotes":""},"categories":[14,13],"tags":[],"class_list":["post-1536","post","type-post","status-publish","format-standard","hentry","category-destacado","category-noticias"],"jetpack_featured_media_url":"","jetpack_sharing_enabled":true,"jetpack_shortlink":"https:\/\/wp.me\/p8Lk5a-oM","_links":{"self":[{"href":"https:\/\/www.policianacional.gov.py\/antisecuestro\/wp-json\/wp\/v2\/posts\/1536","targetHints":{"allow":["GET"]}}],"collection":[{"href":"https:\/\/www.policianacional.gov.py\/antisecuestro\/wp-json\/wp\/v2\/posts"}],"about":[{"href":"https:\/\/www.policianacional.gov.py\/antisecuestro\/wp-json\/wp\/v2\/types\/post"}],"author":[{"embeddable":true,"href":"https:\/\/www.policianacional.gov.py\/antisecuestro\/wp-json\/wp\/v2\/users\/21"}],"replies":[{"embeddable":true,"href":"https:\/\/www.policianacional.gov.py\/antisecuestro\/wp-json\/wp\/v2\/comments?post=1536"}],"version-history":[{"count":3,"href":"https:\/\/www.policianacional.gov.py\/antisecuestro\/wp-json\/wp\/v2\/posts\/1536\/revisions"}],"predecessor-version":[{"id":1540,"href":"https:\/\/www.policianacional.gov.py\/antisecuestro\/wp-json\/wp\/v2\/posts\/1536\/revisions\/1540"}],"wp:attachment":[{"href":"https:\/\/www.policianacional.gov.py\/antisecuestro\/wp-json\/wp\/v2\/media?parent=1536"}],"wp:term":[{"taxonomy":"category","embeddable":true,"href":"https:\/\/www.policianacional.gov.py\/antisecuestro\/wp-json\/wp\/v2\/categories?post=1536"},{"taxonomy":"post_tag","embeddable":true,"href":"https:\/\/www.policianacional.gov.py\/antisecuestro\/wp-json\/wp\/v2\/tags?post=1536"}],"curies":[{"name":"wp","href":"https:\/\/api.w.org\/{rel}","templated":true}]}}