{"id":1444,"date":"2018-08-07T22:07:25","date_gmt":"2018-08-08T02:07:25","guid":{"rendered":"https:\/\/www.policianacional.gov.py\/antisecuestro\/?p=1444"},"modified":"2018-08-11T19:14:24","modified_gmt":"2018-08-11T23:14:24","slug":"detencion-de-persona-por-caso-de-extorsion","status":"publish","type":"post","link":"https:\/\/www.policianacional.gov.py\/antisecuestro\/detencion-de-persona-por-caso-de-extorsion\/","title":{"rendered":"APREHENSI\u00d3N DE PERSONA E INCAUTACI\u00d3N DE EVIDENCIAS RELACIONADAS A CASO DE EXTORSI\u00d3N"},"content":{"rendered":"<p>Aproximadamente a las 18:00 horas del d\u00eda de la fecha , una comitiva fiscal policial a cargo del Agente Fiscal Abg. JAVIER IBARRA, en compa\u00f1\u00eda de personal de Este Departamento, se procedi\u00f3 a la aprehensi\u00f3n en la v\u00eda p\u00fablica del ciudadano OSCAR LUIS BENITEZ GONZALEZ, del mismo fue incautado elementos que guardan relaci\u00f3n con el hecho investigado, quedando a disposici\u00f3n del Juzgado de Fernando de la Mora.<\/p>\n","protected":false},"excerpt":{"rendered":"<p>Aproximadamente a las 18:00 horas del d\u00eda de la fecha , una comitiva fiscal policial a cargo del Agente Fiscal Abg. JAVIER IBARRA, en compa\u00f1\u00eda de personal de Este Departamento, se procedi\u00f3 a la aprehensi\u00f3n en la v\u00eda p\u00fablica del ciudadano OSCAR LUIS BENITEZ GONZALEZ, del mismo fue incautado elementos que guardan relaci\u00f3n con el &#8230; <\/p>\n<p class=\"read-more-container\"><a title=\"APREHENSI\u00d3N DE PERSONA E INCAUTACI\u00d3N DE EVIDENCIAS RELACIONADAS A CASO DE EXTORSI\u00d3N\" class=\"read-more button\" href=\"https:\/\/www.policianacional.gov.py\/antisecuestro\/detencion-de-persona-por-caso-de-extorsion\/#more-1444\" aria-label=\"Leer m\u00e1s sobre APREHENSI\u00d3N DE PERSONA E INCAUTACI\u00d3N DE EVIDENCIAS RELACIONADAS A CASO DE EXTORSI\u00d3N\">Leer M\u00e1s&#8230;<\/a><\/p>\n","protected":false},"author":21,"featured_media":1445,"comment_status":"closed","ping_status":"closed","sticky":false,"template":"","format":"standard","meta":{"generate_page_header":"","_jetpack_newsletter_access":"","_jetpack_dont_email_post_to_subs":false,"_jetpack_newsletter_tier_id":0,"_jetpack_memberships_contains_paywalled_content":false,"_jetpack_memberships_contains_paid_content":false,"footnotes":""},"categories":[13],"tags":[],"class_list":["post-1444","post","type-post","status-publish","format-standard","has-post-thumbnail","hentry","category-noticias"],"jetpack_featured_media_url":"https:\/\/www.policianacional.gov.py\/antisecuestro\/wp-content\/uploads\/sites\/18\/2018\/08\/WhatsApp-Image-2018-08-07-at-20.25.39.jpeg","jetpack_sharing_enabled":true,"jetpack_shortlink":"https:\/\/wp.me\/p8Lk5a-ni","_links":{"self":[{"href":"https:\/\/www.policianacional.gov.py\/antisecuestro\/wp-json\/wp\/v2\/posts\/1444","targetHints":{"allow":["GET"]}}],"collection":[{"href":"https:\/\/www.policianacional.gov.py\/antisecuestro\/wp-json\/wp\/v2\/posts"}],"about":[{"href":"https:\/\/www.policianacional.gov.py\/antisecuestro\/wp-json\/wp\/v2\/types\/post"}],"author":[{"embeddable":true,"href":"https:\/\/www.policianacional.gov.py\/antisecuestro\/wp-json\/wp\/v2\/users\/21"}],"replies":[{"embeddable":true,"href":"https:\/\/www.policianacional.gov.py\/antisecuestro\/wp-json\/wp\/v2\/comments?post=1444"}],"version-history":[{"count":4,"href":"https:\/\/www.policianacional.gov.py\/antisecuestro\/wp-json\/wp\/v2\/posts\/1444\/revisions"}],"predecessor-version":[{"id":1447,"href":"https:\/\/www.policianacional.gov.py\/antisecuestro\/wp-json\/wp\/v2\/posts\/1444\/revisions\/1447"}],"wp:featuredmedia":[{"embeddable":true,"href":"https:\/\/www.policianacional.gov.py\/antisecuestro\/wp-json\/wp\/v2\/media\/1445"}],"wp:attachment":[{"href":"https:\/\/www.policianacional.gov.py\/antisecuestro\/wp-json\/wp\/v2\/media?parent=1444"}],"wp:term":[{"taxonomy":"category","embeddable":true,"href":"https:\/\/www.policianacional.gov.py\/antisecuestro\/wp-json\/wp\/v2\/categories?post=1444"},{"taxonomy":"post_tag","embeddable":true,"href":"https:\/\/www.policianacional.gov.py\/antisecuestro\/wp-json\/wp\/v2\/tags?post=1444"}],"curies":[{"name":"wp","href":"https:\/\/api.w.org\/{rel}","templated":true}]}}