{"id":1380,"date":"2018-05-29T21:43:51","date_gmt":"2018-05-30T01:43:51","guid":{"rendered":"https:\/\/www.policianacional.gov.py\/antisecuestro\/?p=1380"},"modified":"2018-05-30T08:25:54","modified_gmt":"2018-05-30T12:25:54","slug":"no-pague-denuncie-jornada-de-capacitacion-con-alumnos-del-iaee","status":"publish","type":"post","link":"https:\/\/www.policianacional.gov.py\/antisecuestro\/no-pague-denuncie-jornada-de-capacitacion-con-alumnos-del-iaee\/","title":{"rendered":"NO PAGUE DENUNCIE! Jornada de Capacitaci\u00f3n con alumnos del IAEE."},"content":{"rendered":"<p>&nbsp;<\/p>\n<p>&nbsp;<\/p>\n<p>&nbsp;<\/p>\n<p>La Divisi\u00f3n de Prevenci\u00f3n del D.A.S.P. a cargo del expositor Subcomisario Lic. Jorge William Olmedo E., Jefe de Operaciones y la colaboraci\u00f3n de la Ofic. Insp. Maria Fiorini y del Ofic. Aydte. Carlos Nu?ez, participaron de una jornada de capacitaci\u00f3n con alumnos del IAEE (Instituto de Altos Estudios Estrat\u00e9gicos), del Ministerio de Defensa, desarrollando el tema, \u00bb EL SECUESTRO Y LA EXTORSI\u00d3N, su realidad en el Paraguay y Latinoamerica, a trav\u00e9s de la delincuencia organizada. C\u00f3mo prevenir y detectarlos\u00bb.La jornada de capacitaci\u00f3n fue fructifera con alta participaci\u00f3n de los cursantes quienes agradecieron al Dpto. por la oportunidad de conocer m\u00e1s sobre el tema y colaborar a trav\u00e9s de la conciencia colectiva, previniendo estos hechos y coordinar eventuales casos con la Divisi\u00f3n Antiextorsi\u00f3n D.A.S.P.<\/p>\n","protected":false},"excerpt":{"rendered":"<p>&nbsp; &nbsp; &nbsp; La Divisi\u00f3n de Prevenci\u00f3n del D.A.S.P. a cargo del expositor Subcomisario Lic. Jorge William Olmedo E., Jefe de Operaciones y la colaboraci\u00f3n de la Ofic. Insp. Maria Fiorini y del Ofic. Aydte. Carlos Nu?ez, participaron de una jornada de capacitaci\u00f3n con alumnos del IAEE (Instituto de Altos Estudios Estrat\u00e9gicos), del Ministerio de &#8230; <\/p>\n<p class=\"read-more-container\"><a title=\"NO PAGUE DENUNCIE! Jornada de Capacitaci\u00f3n con alumnos del IAEE.\" class=\"read-more button\" href=\"https:\/\/www.policianacional.gov.py\/antisecuestro\/no-pague-denuncie-jornada-de-capacitacion-con-alumnos-del-iaee\/#more-1380\" aria-label=\"Leer m\u00e1s sobre NO PAGUE DENUNCIE! Jornada de Capacitaci\u00f3n con alumnos del IAEE.\">Leer M\u00e1s&#8230;<\/a><\/p>\n","protected":false},"author":21,"featured_media":1382,"comment_status":"closed","ping_status":"closed","sticky":false,"template":"","format":"standard","meta":{"generate_page_header":"","_jetpack_newsletter_access":"","_jetpack_dont_email_post_to_subs":false,"_jetpack_newsletter_tier_id":0,"_jetpack_memberships_contains_paywalled_content":false,"_jetpack_memberships_contains_paid_content":false,"footnotes":""},"categories":[13],"tags":[],"class_list":["post-1380","post","type-post","status-publish","format-standard","has-post-thumbnail","hentry","category-noticias"],"jetpack_featured_media_url":"https:\/\/www.policianacional.gov.py\/antisecuestro\/wp-content\/uploads\/sites\/18\/2018\/05\/WhatsApp-Image-2018-05-29-at-18.39.57.jpeg","jetpack_sharing_enabled":true,"jetpack_shortlink":"https:\/\/wp.me\/p8Lk5a-mg","_links":{"self":[{"href":"https:\/\/www.policianacional.gov.py\/antisecuestro\/wp-json\/wp\/v2\/posts\/1380","targetHints":{"allow":["GET"]}}],"collection":[{"href":"https:\/\/www.policianacional.gov.py\/antisecuestro\/wp-json\/wp\/v2\/posts"}],"about":[{"href":"https:\/\/www.policianacional.gov.py\/antisecuestro\/wp-json\/wp\/v2\/types\/post"}],"author":[{"embeddable":true,"href":"https:\/\/www.policianacional.gov.py\/antisecuestro\/wp-json\/wp\/v2\/users\/21"}],"replies":[{"embeddable":true,"href":"https:\/\/www.policianacional.gov.py\/antisecuestro\/wp-json\/wp\/v2\/comments?post=1380"}],"version-history":[{"count":5,"href":"https:\/\/www.policianacional.gov.py\/antisecuestro\/wp-json\/wp\/v2\/posts\/1380\/revisions"}],"predecessor-version":[{"id":1388,"href":"https:\/\/www.policianacional.gov.py\/antisecuestro\/wp-json\/wp\/v2\/posts\/1380\/revisions\/1388"}],"wp:featuredmedia":[{"embeddable":true,"href":"https:\/\/www.policianacional.gov.py\/antisecuestro\/wp-json\/wp\/v2\/media\/1382"}],"wp:attachment":[{"href":"https:\/\/www.policianacional.gov.py\/antisecuestro\/wp-json\/wp\/v2\/media?parent=1380"}],"wp:term":[{"taxonomy":"category","embeddable":true,"href":"https:\/\/www.policianacional.gov.py\/antisecuestro\/wp-json\/wp\/v2\/categories?post=1380"},{"taxonomy":"post_tag","embeddable":true,"href":"https:\/\/www.policianacional.gov.py\/antisecuestro\/wp-json\/wp\/v2\/tags?post=1380"}],"curies":[{"name":"wp","href":"https:\/\/api.w.org\/{rel}","templated":true}]}}