{"id":1170,"date":"2018-05-22T09:58:30","date_gmt":"2018-05-22T13:58:30","guid":{"rendered":"https:\/\/www.policianacional.gov.py\/antisecuestro\/?p=1170"},"modified":"2018-05-22T11:50:47","modified_gmt":"2018-05-22T15:50:47","slug":"noticia-antisecuestro","status":"publish","type":"post","link":"https:\/\/www.policianacional.gov.py\/antisecuestro\/noticia-antisecuestro\/","title":{"rendered":"Noticias"},"content":{"rendered":"<p>&nbsp;<\/p>\n<p>&nbsp;<\/p>\n<p>Se procedi\u00f3 a la detenci\u00f3n del ciudadano Jos\u00e9 Antonio Velazquez Sosa, en la v\u00eda p\u00fablica\u00a0sobre la calle Tte. Fari\u00f1a del Barrio Ca\u00f1adita de \u00d1emby, en cumplimiento a la Resoluci\u00f3n Fiscal, de la Unidad Penal N\u00b0 06 Fiscalia de Villarica, firmada por el Agente Fiscal Abg. Ulises Gimenez en el marco de la Causa Fiscal, \u00abINNOMINADO SOBRE HURTO AGRAVADO EN GUAIRA\u00bb Al detenido se le hizo saber sus derechos Constitucionales. Se comunic\u00f3 v\u00eda telef\u00f3nica al Agente Fiscal de la Causa quien dispuso que el detenido sea trasladado hasta el Dpto. Antisecuestro de Personas, a disposici\u00f3n de esa Unidad Fiscal.<\/p>\n","protected":false},"excerpt":{"rendered":"<p>&nbsp; &nbsp; Se procedi\u00f3 a la detenci\u00f3n del ciudadano Jos\u00e9 Antonio Velazquez Sosa, en la v\u00eda p\u00fablica\u00a0sobre la calle Tte. Fari\u00f1a del Barrio Ca\u00f1adita de \u00d1emby, en cumplimiento a la Resoluci\u00f3n Fiscal, de la Unidad Penal N\u00b0 06 Fiscalia de Villarica, firmada por el Agente Fiscal Abg. Ulises Gimenez en el marco de la Causa &#8230; <\/p>\n<p class=\"read-more-container\"><a title=\"Noticias\" class=\"read-more button\" href=\"https:\/\/www.policianacional.gov.py\/antisecuestro\/noticia-antisecuestro\/#more-1170\" aria-label=\"Leer m\u00e1s sobre Noticias\">Leer M\u00e1s&#8230;<\/a><\/p>\n","protected":false},"author":21,"featured_media":1325,"comment_status":"closed","ping_status":"closed","sticky":false,"template":"","format":"standard","meta":{"generate_page_header":"","_jetpack_newsletter_access":"","_jetpack_dont_email_post_to_subs":false,"_jetpack_newsletter_tier_id":0,"_jetpack_memberships_contains_paywalled_content":false,"_jetpack_memberships_contains_paid_content":false,"footnotes":""},"categories":[14,13],"tags":[],"class_list":["post-1170","post","type-post","status-publish","format-standard","has-post-thumbnail","hentry","category-destacado","category-noticias"],"jetpack_featured_media_url":"https:\/\/www.policianacional.gov.py\/antisecuestro\/wp-content\/uploads\/sites\/18\/2018\/05\/WhatsApp-Image-2018-05-22-at-09.10.20.jpeg","jetpack_sharing_enabled":true,"jetpack_shortlink":"https:\/\/wp.me\/p8Lk5a-iS","_links":{"self":[{"href":"https:\/\/www.policianacional.gov.py\/antisecuestro\/wp-json\/wp\/v2\/posts\/1170","targetHints":{"allow":["GET"]}}],"collection":[{"href":"https:\/\/www.policianacional.gov.py\/antisecuestro\/wp-json\/wp\/v2\/posts"}],"about":[{"href":"https:\/\/www.policianacional.gov.py\/antisecuestro\/wp-json\/wp\/v2\/types\/post"}],"author":[{"embeddable":true,"href":"https:\/\/www.policianacional.gov.py\/antisecuestro\/wp-json\/wp\/v2\/users\/21"}],"replies":[{"embeddable":true,"href":"https:\/\/www.policianacional.gov.py\/antisecuestro\/wp-json\/wp\/v2\/comments?post=1170"}],"version-history":[{"count":6,"href":"https:\/\/www.policianacional.gov.py\/antisecuestro\/wp-json\/wp\/v2\/posts\/1170\/revisions"}],"predecessor-version":[{"id":1327,"href":"https:\/\/www.policianacional.gov.py\/antisecuestro\/wp-json\/wp\/v2\/posts\/1170\/revisions\/1327"}],"wp:featuredmedia":[{"embeddable":true,"href":"https:\/\/www.policianacional.gov.py\/antisecuestro\/wp-json\/wp\/v2\/media\/1325"}],"wp:attachment":[{"href":"https:\/\/www.policianacional.gov.py\/antisecuestro\/wp-json\/wp\/v2\/media?parent=1170"}],"wp:term":[{"taxonomy":"category","embeddable":true,"href":"https:\/\/www.policianacional.gov.py\/antisecuestro\/wp-json\/wp\/v2\/categories?post=1170"},{"taxonomy":"post_tag","embeddable":true,"href":"https:\/\/www.policianacional.gov.py\/antisecuestro\/wp-json\/wp\/v2\/tags?post=1170"}],"curies":[{"name":"wp","href":"https:\/\/api.w.org\/{rel}","templated":true}]}}